{"id":569606,"date":"2025-11-30T20:39:22","date_gmt":"2025-11-30T20:39:22","guid":{"rendered":"https:\/\/www.europesays.com\/fr\/569606\/"},"modified":"2025-11-30T20:39:22","modified_gmt":"2025-11-30T20:39:22","slug":"en-images-inondations-apocalyptiques-en-asie-au-moins-940-morts-des-centaines-de-disparus-et-des-villes-englouties-sous-la-boue","status":"publish","type":"post","link":"https:\/\/www.europesays.com\/fr\/569606\/","title":{"rendered":"EN IMAGES Inondations apocalyptiques en Asie\u00a0: au moins 940 morts, des centaines de disparus et des villes englouties sous la boue"},"content":{"rendered":"<p>\n                                                                Au moins 940 personnes ont p\u00e9ri et des centaines restent port\u00e9es disparues apr\u00e8s des inondations et glissements de terrain qui ont frapp\u00e9 l\u2019Indon\u00e9sie, la Tha\u00eflande, la Malaisie et le Sri Lanka. Les secours s\u2019activent face \u00e0 une crise r\u00e9gionale aggrav\u00e9e par le cyclone Ditwah et des pluies exceptionnelles li\u00e9es au changement climatique.\n                            <\/p>\n<p>    Ce qu\u2019il faut retenir<\/p>\n<ul>\n<li>\n<p>Au moins 940 morts et plusieurs centaines de disparus apr\u00e8s des inondations d\u00e9vastatrices en Indon\u00e9sie, Tha\u00eflande, Malaisie et Sri Lanka\u00a0; l\u2019Indon\u00e9sie est la plus touch\u00e9e avec 442 morts.<\/p>\n<\/li>\n<li>\n<p>Le Sri Lanka, frapp\u00e9 par le cyclone Ditwah, d\u00e9plore 334 morts et plus d\u2019un million de sinistr\u00e9s\u00a0; l\u2019\u00e9tat d\u2019urgence a \u00e9t\u00e9 d\u00e9clar\u00e9 samedi \u00e0 Colombo.<\/p>\n<\/li>\n<li>\n<p>En Tha\u00eflande, 162 morts recens\u00e9s\u00a0; aide d\u2019urgence et compensations vers\u00e9es mais critiques sur la gestion de crise, deux responsables suspendus.<\/p>\n<\/li>\n<\/ul>\n<p>Le bilan des inondations catastrophiques qui ont frapp\u00e9 ces derniers jours de vastes territoires d\u2019Indon\u00e9sie, de Tha\u00eflande, de Malaisie et du Sri Lanka s\u2019est encore alourdi dimanche, avec un total d\u2019au moins 940 morts et plusieurs centaines de disparus.<\/p>\n<p>Les autorit\u00e9s de ces pays asiatiques s\u2019activaient pour d\u00e9gager les routes et les d\u00e9bris et tenter de retrouver des personnes port\u00e9es disparues apr\u00e8s des pluies diluviennes, des crues subites et des glissements de terrain.<\/p>\n<p>Des centaines de personnes port\u00e9es disparues<\/p>\n<p>En Asie du Sud-Est, l\u2019Indon\u00e9sie, pays de loin le plus touch\u00e9, d\u00e9plore au moins 442 morts tandis que 402 personnes sont toujours port\u00e9es disparues, selon un dernier bilan de l\u2019agence de gestion des catastrophes.<\/p>\n<p>En Tha\u00eflande, o\u00f9 au moins 162 habitants ont p\u00e9ri dans l\u2019une des pires inondations de la d\u00e9cennie, les autorit\u00e9s continuaient de distribuer de l\u2019aide \u00e0 des dizaines de milliers de sinistr\u00e9s.<\/p>\n<p>        <img decoding=\"async\" class=\"std-img__img responsive-img\" src=\"https:\/\/www.europesays.com\/fr\/wp-content\/uploads\/2025\/11\/1764535157_614_image.jpg\" alt=\"Au moins 940 personnes sont mortes.\"\/><\/p>\n<p>                Au moins 940 personnes sont mortes.<br \/>\n                                    XinHua &#8211; Yulham<\/p>\n<p>En Malaisie, les inondations qui ont submerg\u00e9 de larges zones de l\u2019Etat septentrional de Perlis ont fait deux morts.<\/p>\n<p>En Asie du Sud, le Centre de gestion des catastrophes (DMC) du Sri Lanka a indiqu\u00e9 dimanche qu\u2019au moins 334 personnes avaient perdu la vie apr\u00e8s une semaine de fortes pluies provoqu\u00e9es par le cyclone Ditwah, tandis que 400 \u00e9taient toujours port\u00e9es disparues.<\/p>\n<p>\u00ab\u00a0La plupart des villageois ont choisi de rester\u00a0\u00bb<\/p>\n<p>En Indon\u00e9sie, au moins deux villes de l\u2019\u00eele de Sumatra, la plus touch\u00e9e du pays, \u00e9taient encore inaccessibles dimanche, et les autorit\u00e9s ont annonc\u00e9 avoir d\u00e9ploy\u00e9 deux navires de guerre depuis Jakarta pour livrer de l\u2019aide.\u00a0\u00ab\u00a0Deux villes n\u00e9cessitent une attention particuli\u00e8re en raison de leur isolement, \u00e0 savoir Tapanuli Central et Sibolga\u00a0\u00bb, a d\u00e9clar\u00e9 Suharyanto, chef de l\u2019agence nationale de gestion des catastrophes, ajoutant que les navires de guerre \u00e9taient attendus \u00e0 Sibolga lundi.<\/p>\n<p>        <img decoding=\"async\" class=\"std-img__img responsive-img\" src=\"https:\/\/www.europesays.com\/fr\/wp-content\/uploads\/2025\/11\/1764535158_168_image.jpg\" alt=\"Cons\u00e9quences des inondations et des glissements de terrain \u00e0 Sumatra.\"\/><\/p>\n<p>                Cons\u00e9quences des inondations et des glissements de terrain \u00e0 Sumatra.<br \/>\n                                    MAXPPP &#8211; BASARNAS\/HANDOUT HANDOUT<\/p>\n<p>Dans le village de Sungai Nyalo, \u00e0 environ 100\u00a0km de la capitale de Sumatra Ouest, Padang, les eaux de crue avaient en grande partie reflu\u00e9 dimanche, laissant des maisons, des v\u00e9hicules et des cultures recouverts d\u2019une \u00e9paisse boue grise.\u00a0\u00ab\u00a0La plupart des villageois ont choisi de rester\u00a0; ils ne voulaient pas abandonner leurs maisons\u00a0\u00bb, a d\u00e9clar\u00e9 Idris, 55 ans, qui, comme beaucoup d\u2019Indon\u00e9siens, ne porte qu\u2019un seul nom.<\/p>\n<p>        <img decoding=\"async\" class=\"std-img__img responsive-img\" src=\"https:\/\/www.europesays.com\/fr\/wp-content\/uploads\/2025\/11\/1764535160_258_image.jpg\" alt=\"Les \u00e9quipes de secours et les villageois travaillent ensemble pour nettoyer la boue apr\u00e8s les inondations.\"\/><\/p>\n<p>                Les \u00e9quipes de secours et les villageois travaillent ensemble pour nettoyer la boue apr\u00e8s les inondations.<br \/>\n                                    XinHua &#8211; Gatha Ginting<\/p>\n<p>En Tha\u00eflande, les autorit\u00e9s continuaient de chercher les nombreux disparus et le gouvernement a mis en place des mesures de secours pour les personnes touch\u00e9es par les inondations, y compris une compensation pouvant aller jusqu\u2019\u00e0 deux millions de bahts (53\u00a0000\u00a0euros) pour les foyers ayant perdu des membres de leur famille. Cependant, les critiques envers la r\u00e9ponse de la Tha\u00eflande aux inondations se sont accrues, et deux responsables locaux ont \u00e9t\u00e9 suspendus de leurs fonctions.<\/p>\n<p>\u00ab\u00a0La plus grande catastrophe de notre histoire\u00a0\u00bb<\/p>\n<p>Au Sri Lanka, alors que Ditwah s\u2019est d\u00e9plac\u00e9 samedi vers l\u2019Inde, des zones enti\u00e8res du nord de la capitale du Sri Lanka, Colombo, \u00e9taient inond\u00e9es dimanche, avec plus d\u2019un million de personnes touch\u00e9es.\u00a0\u00ab\u00a0Bien que le cyclone nous ait quitt\u00e9s, de fortes pluies en amont inondent maintenant les zones basses le long des rives de la rivi\u00e8re Kelani\u00a0\u00bb, a d\u00e9clar\u00e9 un responsable du DMC.<\/p>\n<p>        <img decoding=\"async\" class=\"std-img__img responsive-img\" src=\"https:\/\/www.europesays.com\/fr\/wp-content\/uploads\/2025\/11\/1764535161_584_image.jpg\" alt=\"Au Sri Lanka, 334 personnes sont mortes tandis que 400 sont toujours port\u00e9es disparues.\"\/><\/p>\n<p>                Au Sri Lanka, 334 personnes sont mortes tandis que 400 sont toujours port\u00e9es disparues.<br \/>\n                                    EPA &#8211; CHAMILA KARUNARATHNE<\/p>\n<p>Le pr\u00e9sident Anura Kumara Dissanayake a d\u00e9clar\u00e9 samedi l\u2019\u00e9tat d\u2019urgence, qui lui conf\u00e8re des pouvoirs \u00e9tendus pour g\u00e9rer la crise. L\u2019arm\u00e9e a \u00e9t\u00e9 d\u00e9ploy\u00e9e pour soutenir les secours\u00a0: \u00ab\u00a0Nous faisons face \u00e0 la plus grande et la plus difficile catastrophe naturelle de notre histoire\u00a0\u00bb, a d\u00e9clar\u00e9 dimanche le pr\u00e9sident, dans une adresse \u00e0 la nation. \u00ab\u00a0Nous construirons une nation meilleure que celle qui existait auparavant\u00a0\u00bb.<\/p>\n<p>        <img decoding=\"async\" class=\"std-img__img responsive-img\" src=\"https:\/\/www.europesays.com\/fr\/wp-content\/uploads\/2025\/11\/1764535162_801_image.jpg\" alt=\"Au Sri Lanka, 334 personnes sont mortes tandis que 400 sont toujours port\u00e9es disparues.\"\/><\/p>\n<p>                Au Sri Lanka, 334 personnes sont mortes tandis que 400 sont toujours port\u00e9es disparues.<br \/>\n                                    MAXPPP &#8211; CHAMILA KARUNARATHNE<\/p>\n<p>Les pertes et les d\u00e9g\u00e2ts sont les pires depuis le tsunami d\u00e9vastateur en Asie de 2004 qui a tu\u00e9 environ 31\u00a0000 personnes et laiss\u00e9 plus d\u2019un million de sans-abri. \u00ab\u00a0Ma maison est totalement inond\u00e9e, je ne sais pas o\u00f9 aller, mais j\u2019esp\u00e8re trouver un abri s\u00fbr o\u00f9\u00a0emmener ma famille\u00a0\u00bb, dit \u00e0 l\u2019AFP Selvi, une habitante de la banlieue de Colombo de 46 ans, qui transporte quatre sacs d\u2019affaires.<\/p>\n<p>Le Sri Lanka a lanc\u00e9 un appel \u00e0 l\u2019aide internationale pour les quelque 833\u00a0000 d\u00e9plac\u00e9s, auxquels s\u2019ajoutent 122\u00a0000 personnes prises en charge dans des refuges temporaires. Selon les autorit\u00e9s, environ un tiers de la population est toujours priv\u00e9 d\u2019\u00e9lectricit\u00e9 et d\u2019eau courante.<\/p>\n<p>Le changement climatique a affect\u00e9 les r\u00e9gimes de temp\u00eates, y compris la dur\u00e9e et l\u2019intensit\u00e9 des pluies, plus abondantes, avec des crues soudaines et des rafales de vent plus fortes.<\/p>\n","protected":false},"excerpt":{"rendered":"Au moins 940 personnes ont p\u00e9ri et des centaines restent port\u00e9es disparues apr\u00e8s des inondations et glissements de&hellip;\n","protected":false},"author":2,"featured_media":569607,"comment_status":"","ping_status":"","sticky":false,"template":"","format":"standard","meta":{"footnotes":""},"categories":[5],"tags":[11,1011,27,14,12,28],"class_list":{"0":"post-569606","1":"post","2":"type-post","3":"status-publish","4":"format-standard","5":"has-post-thumbnail","7":"category-international","8":"tag-actualites","9":"tag-fr","10":"tag-france","11":"tag-international","12":"tag-news","13":"tag-world"},"share_on_mastodon":{"url":"https:\/\/pubeurope.com\/@fr\/115640584949785061","error":""},"_links":{"self":[{"href":"https:\/\/www.europesays.com\/fr\/wp-json\/wp\/v2\/posts\/569606","targetHints":{"allow":["GET"]}}],"collection":[{"href":"https:\/\/www.europesays.com\/fr\/wp-json\/wp\/v2\/posts"}],"about":[{"href":"https:\/\/www.europesays.com\/fr\/wp-json\/wp\/v2\/types\/post"}],"author":[{"embeddable":true,"href":"https:\/\/www.europesays.com\/fr\/wp-json\/wp\/v2\/users\/2"}],"replies":[{"embeddable":true,"href":"https:\/\/www.europesays.com\/fr\/wp-json\/wp\/v2\/comments?post=569606"}],"version-history":[{"count":0,"href":"https:\/\/www.europesays.com\/fr\/wp-json\/wp\/v2\/posts\/569606\/revisions"}],"wp:featuredmedia":[{"embeddable":true,"href":"https:\/\/www.europesays.com\/fr\/wp-json\/wp\/v2\/media\/569607"}],"wp:attachment":[{"href":"https:\/\/www.europesays.com\/fr\/wp-json\/wp\/v2\/media?parent=569606"}],"wp:term":[{"taxonomy":"category","embeddable":true,"href":"https:\/\/www.europesays.com\/fr\/wp-json\/wp\/v2\/categories?post=569606"},{"taxonomy":"post_tag","embeddable":true,"href":"https:\/\/www.europesays.com\/fr\/wp-json\/wp\/v2\/tags?post=569606"}],"curies":[{"name":"wp","href":"https:\/\/api.w.org\/{rel}","templated":true}]}}