{"id":569614,"date":"2025-11-30T20:44:34","date_gmt":"2025-11-30T20:44:34","guid":{"rendered":"https:\/\/www.europesays.com\/fr\/569614\/"},"modified":"2025-11-30T20:44:34","modified_gmt":"2025-11-30T20:44:34","slug":"drame-sur-le-mythique-trail-saintelyon-un-coureur-de-59-ans-meurt-a-2-km-de-larrivee","status":"publish","type":"post","link":"https:\/\/www.europesays.com\/fr\/569614\/","title":{"rendered":"Drame sur le mythique trail Saint\u00e9Lyon : un coureur de 59 ans meurt \u00e0 2 km de l&rsquo;arriv\u00e9e"},"content":{"rendered":"<ul class=\"jsx-862013697 ArticleChapo__List\">\n<li class=\"jsx-862013697 ArticleChapo__List_Item flex\">Un coureur de 59 ans est d\u00e9c\u00e9d\u00e9, dimanche 30 novembre, lors de la Saint\u00e9Lyon, une course nocturne d&rsquo;ultra-trail entre Saint-\u00c9tienne et Lyon.<\/li>\n<li class=\"jsx-862013697 ArticleChapo__List_Item flex\">Il a \u00e9t\u00e9 pris d&rsquo;un malaise \u00e0 2 km de l&rsquo;arriv\u00e9e et n&rsquo;a pas pu \u00eatre r\u00e9anim\u00e9 malgr\u00e9 l&rsquo;intervention des secours.<\/li>\n<\/ul>\n<p data-module=\"article-paragraph\" class=\"jsx-3046738180 Paragraph Paragraph__End\">Le mythique trail <a href=\"https:\/\/www.tf1info.fr\/sport\/jt-we-la-saintelyon-une-course-nocturne-devenue-mythique-2015734.html\" target=\"_blank\" rel=\"noopener\">Saint\u00e9Lyon<\/a> endeuill\u00e9. Un coureur de 59 ans a \u00e9t\u00e9 victime d&rsquo;un arr\u00eat cardiorespiratoire, dimanche 30 novembre, vers 2h30 du matin, alors qu&rsquo;il participait \u00e0 la 71e \u00e9dition de la doyenne des courses de nature, courue de nuit, entre Saint-\u00c9tienne et Lyon. Malgr\u00e9 l&rsquo;intervention des secours, l&rsquo;homme, d\u00e9crit par les organisateurs comme \u00e9tant \u00ab\u00a0un sportif r\u00e9gulier r\u00e9sidant en Alsace\u00a0\u00bb, n&rsquo;a pu \u00eatre r\u00e9anim\u00e9.<\/p>\n<p data-module=\"article-paragraph\" class=\"jsx-3046738180 Paragraph Paragraph__End\">Engag\u00e9 sur <a href=\"https:\/\/www.saintelyon.com\/epreuve\/la-saintesprint\/\" target=\"_blank\" rel=\"nofollow noopener\">la Saint\u00e9Sprint (nouvelle fen\u00eatre)<\/a>, une \u00e9preuve r\u00e9duite \u00e0 24 km, il \u00ab\u00a0a fait un malaise \u00e0 deux kilom\u00e8tres de l&rsquo;arriv\u00e9e\u00a0\u00bb \u00e0 Lyon, dans le dernier tron\u00e7on de course, sur les quais de La Mulati\u00e8re.<\/p>\n<blockquote class=\"jsx-2786790838 Quote__Text\"><p>Nous avons vu une personne \u00e0 terre face au sol (&#8230;) mais elle n&rsquo;\u00e9tait pas consciente<\/p><\/blockquote>\n<p>Une participante de la Saint\u00e9Sprint<\/p>\n<p data-module=\"article-paragraph\" class=\"jsx-3046738180 Paragraph Paragraph__End\">\u00ab\u00a0La personne qui courait derri\u00e8re lui \u00e9tait un infirmier, qui travaille souvent avec le prestataire qui travaille pour nous, il lui a prodigu\u00e9 les premiers soins. Et les secours, le Smur, sont intervenus tr\u00e8s rapidement\u00a0\u00bb, a t\u00e9moign\u00e9 un membre de l&rsquo;organisation aupr\u00e8s du <a href=\"https:\/\/www.leprogres.fr\/faits-divers-justice\/2025\/12\/01\/la-saintelyon-endeuillee-par-le-deces-d-un-coureur-de-59-ans-a-2-km-de-l-arrivee\" target=\"_blank\" rel=\"nofollow noopener\">Progr\u00e8s (nouvelle fen\u00eatre)<\/a>. \u00ab\u00a0Nous avons vu une personne \u00e0 terre face au sol, nous avons voulu l&rsquo;aider \u00e0 se relever, mais cette personne n&rsquo;\u00e9tait pas consciente\u00a0\u00bb, a racont\u00e9 une concurrente de la Saint\u00e9Sprint.<\/p>\n<p><a href=\"https:\/\/www.tf1info.fr\/meteo\/haute-savoie-un-mort-et-trois-blesses-lors-d-un-ultra-trail-en-altitude-uthg-2304156.html\" rel=\"noopener\" class=\"jsx-3308031228 Link flex\" target=\"_blank\"><img decoding=\"async\" src=\"https:\/\/www.europesays.com\/fr\/wp-content\/uploads\/2025\/11\/ultra-trail-illustration-unsplash-1b0b1f-0@1x.jpeg\" alt=\" Urban Vintage sur Unsplash\" loading=\"lazy\" importance=\"low\" fetchpriority=\"low\" class=\"\" aria-hidden=\"true\"\/><\/p>\n<p class=\"jsx-3657663356 ReadMoreArticle__Title\">Lire aussi<\/p>\n<p class=\"jsx-3657663356\">Haute-Savoie : un mort et trois bless\u00e9s lors d\u2019un ultra-trail en altitude<\/p>\n<p><\/a><\/p>\n<p data-module=\"article-paragraph\" class=\"jsx-3046738180 Paragraph Paragraph__End\">C&rsquo;est la premi\u00e8re fois dans son histoire que la l\u00e9gendaire course conna\u00eet un tel drame. \u00ab\u00a0Tr\u00e8s attrist\u00e9s\u00a0\u00bb, les organisateurs de la Saint\u00e9Lyon ont adress\u00e9 \u00ab\u00a0leurs condol\u00e9ances \u00e9mues \u00e0 la famille\u00a0\u00bb de la victime \u00ab\u00a0et \u00e0 ses proches\u00a0\u00bb.<\/p>\n<p>Y.R.<\/p>\n","protected":false},"excerpt":{"rendered":"Un coureur de 59 ans est d\u00e9c\u00e9d\u00e9, dimanche 30 novembre, lors de la Saint\u00e9Lyon, une course nocturne d&rsquo;ultra-trail&hellip;\n","protected":false},"author":2,"featured_media":569615,"comment_status":"","ping_status":"","sticky":false,"template":"","format":"standard","meta":{"footnotes":""},"categories":[9653],"tags":[1111,11,1921,2430,1777,674,6017,1011,27,1922,2954,12,1072,25,4001,133,2953],"class_list":{"0":"post-569614","1":"post","2":"type-post","3":"status-publish","4":"format-standard","5":"has-post-thumbnail","7":"category-saint-etienne","8":"tag-actu","9":"tag-actualites","10":"tag-article-video","11":"tag-auvergne-rhone-alpes","12":"tag-eu","13":"tag-europe","14":"tag-fait-divers","15":"tag-fr","16":"tag-france","17":"tag-info","18":"tag-justice-et-faits-divers","19":"tag-news","20":"tag-police","21":"tag-republique-francaise","22":"tag-saint-etienne","23":"tag-video","24":"tag-video-police"},"share_on_mastodon":{"url":"https:\/\/pubeurope.com\/@fr\/115640603693181190","error":""},"_links":{"self":[{"href":"https:\/\/www.europesays.com\/fr\/wp-json\/wp\/v2\/posts\/569614","targetHints":{"allow":["GET"]}}],"collection":[{"href":"https:\/\/www.europesays.com\/fr\/wp-json\/wp\/v2\/posts"}],"about":[{"href":"https:\/\/www.europesays.com\/fr\/wp-json\/wp\/v2\/types\/post"}],"author":[{"embeddable":true,"href":"https:\/\/www.europesays.com\/fr\/wp-json\/wp\/v2\/users\/2"}],"replies":[{"embeddable":true,"href":"https:\/\/www.europesays.com\/fr\/wp-json\/wp\/v2\/comments?post=569614"}],"version-history":[{"count":0,"href":"https:\/\/www.europesays.com\/fr\/wp-json\/wp\/v2\/posts\/569614\/revisions"}],"wp:featuredmedia":[{"embeddable":true,"href":"https:\/\/www.europesays.com\/fr\/wp-json\/wp\/v2\/media\/569615"}],"wp:attachment":[{"href":"https:\/\/www.europesays.com\/fr\/wp-json\/wp\/v2\/media?parent=569614"}],"wp:term":[{"taxonomy":"category","embeddable":true,"href":"https:\/\/www.europesays.com\/fr\/wp-json\/wp\/v2\/categories?post=569614"},{"taxonomy":"post_tag","embeddable":true,"href":"https:\/\/www.europesays.com\/fr\/wp-json\/wp\/v2\/tags?post=569614"}],"curies":[{"name":"wp","href":"https:\/\/api.w.org\/{rel}","templated":true}]}}