{"id":569618,"date":"2025-11-30T20:51:17","date_gmt":"2025-11-30T20:51:17","guid":{"rendered":"https:\/\/www.europesays.com\/fr\/569618\/"},"modified":"2025-11-30T20:51:17","modified_gmt":"2025-11-30T20:51:17","slug":"papilles-en-fete-au-village-gourmand-de-sanary","status":"publish","type":"post","link":"https:\/\/www.europesays.com\/fr\/569618\/","title":{"rendered":"Papilles en f\u00eate au Village gourmand de Sanary"},"content":{"rendered":"<p class=\"fs-5 \">Cette ann\u00e9e encore, le Village gourmand Just\u2019Sanary sera le \u00ab hotspot \u00bb gastronomique des festivit\u00e9s de No\u00ebl ! Install\u00e9 en un temps record quai du Levant (derri\u00e8re l\u2019Office du tourisme), ses douze stands proposent depuis samedi des sp\u00e9cialit\u00e9s sucr\u00e9es et sal\u00e9es aussi vari\u00e9es qu\u2019all\u00e9chantes. Cela dans un espace \u00e9largi qui laisse toute la place pour circuler autour des belles tables en bois massif sign\u00e9es Jungle Spirit et de la joyeuse d\u00e9coration de No\u00ebl de Johanna, aussi exposante (Saveurs de Suzon). Le Village a beau accueillir les gourmands tous les jours sans exception pendant les f\u00eates, ce ne sera pas de trop pour go\u00fbter toutes ses gourmandises et profiter de ses animations et ateliers !<\/p>\n<p>                                                                                Trois nouveaut\u00e9s \u00e0 d\u00e9guster<\/p>\n<p class=\"fs-5 \">C\u00f4t\u00e9 papilles, trois nouveaux lieux de restauration ont investi le Village : Il Botteghino, la Pause Gourmande et l\u2019Escale Bistrok. Chez ce dernier, Yohann et Rodolphe d\u00e9clinent leur concept unique \u00ab o\u00f9 tout est fun ! \u00bb, des Rainbow raviolis et risottos bleu et rose d\u00e9licieusement r\u00e9gressifs aux champignons truffe ou pesto \u00ab non hallucinog\u00e8nes \u00bb, en passant par les plus sages mais non moins gourmands raviolis \u00e0 la truffe\u2026<\/p>\n<p class=\"fs-5 \">En face, la Pause Gourmande nous transporte en Savoie avec ses chaleureuses raclettes et tartiflettes, ou d\u2019originaux diots, saucisses savoyardes au vin blanc et \u00e0 la polenta. On passe la fronti\u00e8re transalpine avec Il Botteghino, habitu\u00e9 du march\u00e9 quotidien qui fait venir d\u2019Italie ses app\u00e9tissants fromages et jambons crus, et fa\u00e7onne trofie et raviolis frais aux fourrages vari\u00e9s. \u00c0 go\u00fbter absolument ses arancinis siciliens, ces boules de riz au safran fourr\u00e9es de sauce bolognaise, petits pois et mozzarella\u2026<\/p>\n<p class=\"fs-5 \">On oublie l\u2019hiver avec les sp\u00e9cialit\u00e9s hawa\u00efennes de Kau Wahi ! Pas question pour autant d\u2019en oublier les c\u00f4telettes et andouillettes de Heart, les petits plats fusion de Fusio, les tapas parfum\u00e9es de Cali et les daubes, parmentiers et foie gras maison du Rouveau, qui font chanter le terroir\u2026 Rien ne manque pour les accompagner, des bi\u00e8res artisanales aux crus d\u2019ici et d\u2019ailleurs, sans oublier les fines bulles des champagnes Louis Casters, indispensables !<\/p>\n<p>                                                                                Ateliers et concerts<\/p>\n<p class=\"fs-5 \">Mais le Village Gourmand, c\u2019est aussi une ambiance ! D\u2019abord avec trois ateliers in\u00e9dits propos\u00e9s aux enfants les trois premiers mercredis de d\u00e9cembre. Au programme, d\u00e9coration de boules de No\u00ebl avec Sanary Design le 3, graff sur toile avec San\u2019art Shop le 10 et \u00ab tableau des \u00e9motions \u00bb avec Mon coach bien-\u00eatre le 17. Sans oublier un concert live presque chaque soir, pour faire rimer f\u00eate et gourmandise !<\/p>\n<p class=\"fs-5 \">pratique Village gourmand Just\u2019Sanary, tous les jours de 11 h \u00e0 22 h quai du Levant \u00e0 Sanary jusqu\u2019au 3 janvier, www.just-sanary.com<\/p>\n","protected":false},"excerpt":{"rendered":"Cette ann\u00e9e encore, le Village gourmand Just\u2019Sanary sera le \u00ab hotspot \u00bb gastronomique des festivit\u00e9s de No\u00ebl !&hellip;\n","protected":false},"author":2,"featured_media":569619,"comment_status":"","ping_status":"","sticky":false,"template":"","format":"standard","meta":{"footnotes":""},"categories":[9619],"tags":[1111,11,1777,674,1011,27,12,882,25,2310],"class_list":{"0":"post-569618","1":"post","2":"type-post","3":"status-publish","4":"format-standard","5":"has-post-thumbnail","7":"category-toulon","8":"tag-actu","9":"tag-actualites","10":"tag-eu","11":"tag-europe","12":"tag-fr","13":"tag-france","14":"tag-news","15":"tag-provence-alpes-cote-dazur","16":"tag-republique-francaise","17":"tag-toulon"},"share_on_mastodon":{"url":"https:\/\/pubeurope.com\/@fr\/115640630167344604","error":""},"_links":{"self":[{"href":"https:\/\/www.europesays.com\/fr\/wp-json\/wp\/v2\/posts\/569618","targetHints":{"allow":["GET"]}}],"collection":[{"href":"https:\/\/www.europesays.com\/fr\/wp-json\/wp\/v2\/posts"}],"about":[{"href":"https:\/\/www.europesays.com\/fr\/wp-json\/wp\/v2\/types\/post"}],"author":[{"embeddable":true,"href":"https:\/\/www.europesays.com\/fr\/wp-json\/wp\/v2\/users\/2"}],"replies":[{"embeddable":true,"href":"https:\/\/www.europesays.com\/fr\/wp-json\/wp\/v2\/comments?post=569618"}],"version-history":[{"count":0,"href":"https:\/\/www.europesays.com\/fr\/wp-json\/wp\/v2\/posts\/569618\/revisions"}],"wp:featuredmedia":[{"embeddable":true,"href":"https:\/\/www.europesays.com\/fr\/wp-json\/wp\/v2\/media\/569619"}],"wp:attachment":[{"href":"https:\/\/www.europesays.com\/fr\/wp-json\/wp\/v2\/media?parent=569618"}],"wp:term":[{"taxonomy":"category","embeddable":true,"href":"https:\/\/www.europesays.com\/fr\/wp-json\/wp\/v2\/categories?post=569618"},{"taxonomy":"post_tag","embeddable":true,"href":"https:\/\/www.europesays.com\/fr\/wp-json\/wp\/v2\/tags?post=569618"}],"curies":[{"name":"wp","href":"https:\/\/api.w.org\/{rel}","templated":true}]}}