{"id":569620,"date":"2025-11-30T20:53:13","date_gmt":"2025-11-30T20:53:13","guid":{"rendered":"https:\/\/www.europesays.com\/fr\/569620\/"},"modified":"2025-11-30T20:53:13","modified_gmt":"2025-11-30T20:53:13","slug":"toulon-meteo-un-debut-decembre-partage-entre-nuages-et-eclaircies-en-provence-alpes-cote-dazur","status":"publish","type":"post","link":"https:\/\/www.europesays.com\/fr\/569620\/","title":{"rendered":"TOULON : M\u00e9t\u00e9o &#8211; Un d\u00e9but d\u00e9cembre partag\u00e9 entre nuages et \u00e9claircies en Provence-Alpes-C\u00f4te d\u2019Azur"},"content":{"rendered":"<p><strong>Un d\u00e9but d\u00e9cembre partag\u00e9 entre nuages et \u00e9claircies en Provence-Alpes-C\u00f4te d\u2019Azur, quelques pluies locales possibles en soir\u00e9e.<\/strong><\/p>\n<p>Les temp\u00e9ratures restent fra\u00eeches le matin, de 5\u00b0 \u00e0 8\u00b0, puis s\u2019adoucissent entre 10\u00b0 et 13\u00b0 l\u2019apr\u00e8s-midi. On pr\u00e9voit 10\u00b0 \u00e0 <strong data-end=\"363\" data-start=\"352\">Avignon<\/strong>, 11\u00b0 vers\u00a0<strong data-end=\"393\" data-start=\"374\">Aix-en-Provence<\/strong>, 12\u00b0 pour\u00a0<strong data-end=\"417\" data-start=\"404\">Marseille<\/strong>,\u00a0<strong data-end=\"437\" data-start=\"419\">Carry-le-Rouet<\/strong>\u00a0et\u00a0<strong data-end=\"454\" data-start=\"441\">La Ciotat<\/strong>, ainsi que dans les pr\u00e9alpes autour de <strong data-end=\"504\" data-start=\"494\">Bar\u00e8me<\/strong>, 13\u00b0 pour\u00a0<strong data-end=\"525\" data-start=\"515\">Bandol<\/strong>,\u00a0<strong data-end=\"540\" data-start=\"527\">Six-Fours-les-Plages<\/strong>,\u00a0<strong data-end=\"552\" data-start=\"542\">Toulon<\/strong>,\u00a0<strong data-end=\"564\" data-start=\"554\">Hy\u00e8res<\/strong>,\u00a0<strong data-end=\"581\" data-start=\"566\">Le Lavandou<\/strong>,\u00a0<strong data-end=\"595\" data-start=\"583\">La Londe-les-Maures<\/strong>\u00a0et\u00a0<strong data-is-last-node=\"\" data-end=\"621\" data-start=\"599\">Bormes-les-Mimosas.<\/strong><\/p>\n<p><strong data-is-last-node=\"\" data-end=\"621\" data-start=\"599\">\u00a0<\/strong><\/p>\n<p><strong>ComLaRadio\u00a0<\/strong><br \/><strong>Thierry CARI<\/strong><br \/><strong>Voix Off<\/strong><br \/><strong>Animateur \/ pr\u00e9sentateur<\/strong><br \/><strong>Contact@thierrycari.com<\/strong><\/p>\n<p><strong>www.thierrycari.com<\/strong><\/p>\n","protected":false},"excerpt":{"rendered":"Un d\u00e9but d\u00e9cembre partag\u00e9 entre nuages et \u00e9claircies en Provence-Alpes-C\u00f4te d\u2019Azur, quelques pluies locales possibles en soir\u00e9e. Les&hellip;\n","protected":false},"author":2,"featured_media":34790,"comment_status":"","ping_status":"","sticky":false,"template":"","format":"standard","meta":{"footnotes":""},"categories":[9619],"tags":[1111,11,1777,674,1011,27,12,882,25,2310],"class_list":{"0":"post-569620","1":"post","2":"type-post","3":"status-publish","4":"format-standard","5":"has-post-thumbnail","7":"category-toulon","8":"tag-actu","9":"tag-actualites","10":"tag-eu","11":"tag-europe","12":"tag-fr","13":"tag-france","14":"tag-news","15":"tag-provence-alpes-cote-dazur","16":"tag-republique-francaise","17":"tag-toulon"},"share_on_mastodon":{"url":"https:\/\/pubeurope.com\/@fr\/115640638117286716","error":""},"_links":{"self":[{"href":"https:\/\/www.europesays.com\/fr\/wp-json\/wp\/v2\/posts\/569620","targetHints":{"allow":["GET"]}}],"collection":[{"href":"https:\/\/www.europesays.com\/fr\/wp-json\/wp\/v2\/posts"}],"about":[{"href":"https:\/\/www.europesays.com\/fr\/wp-json\/wp\/v2\/types\/post"}],"author":[{"embeddable":true,"href":"https:\/\/www.europesays.com\/fr\/wp-json\/wp\/v2\/users\/2"}],"replies":[{"embeddable":true,"href":"https:\/\/www.europesays.com\/fr\/wp-json\/wp\/v2\/comments?post=569620"}],"version-history":[{"count":0,"href":"https:\/\/www.europesays.com\/fr\/wp-json\/wp\/v2\/posts\/569620\/revisions"}],"wp:featuredmedia":[{"embeddable":true,"href":"https:\/\/www.europesays.com\/fr\/wp-json\/wp\/v2\/media\/34790"}],"wp:attachment":[{"href":"https:\/\/www.europesays.com\/fr\/wp-json\/wp\/v2\/media?parent=569620"}],"wp:term":[{"taxonomy":"category","embeddable":true,"href":"https:\/\/www.europesays.com\/fr\/wp-json\/wp\/v2\/categories?post=569620"},{"taxonomy":"post_tag","embeddable":true,"href":"https:\/\/www.europesays.com\/fr\/wp-json\/wp\/v2\/tags?post=569620"}],"curies":[{"name":"wp","href":"https:\/\/api.w.org\/{rel}","templated":true}]}}