{"id":569628,"date":"2025-11-30T20:59:22","date_gmt":"2025-11-30T20:59:22","guid":{"rendered":"https:\/\/www.europesays.com\/fr\/569628\/"},"modified":"2025-11-30T20:59:22","modified_gmt":"2025-11-30T20:59:22","slug":"grenoble-la-mere-noel-marine-au-chalet-danimations-du-marche-de-noel","status":"publish","type":"post","link":"https:\/\/www.europesays.com\/fr\/569628\/","title":{"rendered":"Grenoble. La m\u00e8re No\u00ebl Marine au chalet d\u2019animations du march\u00e9 de No\u00ebl"},"content":{"rendered":"<p>Ce dimanche 30\u00a0novembre, dans l\u2019apr\u00e8s-midi, les enfants ont pu \u00e9couter les contes de la m\u00e8re No\u00ebl Marine, connue sur le r\u00e9seau social Instagram sous le nom \u201cLes Carnets de la daronne\u201d au chalet d\u2019animations du march\u00e9 de No\u00ebl.<\/p>\n<p>Le march\u00e9 a ouvert ses portes le 21\u00a0novembre et accueille les visiteurs jusqu\u2019au 24\u00a0d\u00e9cembre. Comme les ann\u00e9es pr\u00e9c\u00e9dentes, les visiteurs y retrouvent des produits artisanaux, locaux, des sp\u00e9cialit\u00e9s gourmandes\u2026 ainsi que des animations et bien s\u00fbr, le p\u00e8re No\u00ebl\u00a0!<\/p>\n","protected":false},"excerpt":{"rendered":"Ce dimanche 30\u00a0novembre, dans l\u2019apr\u00e8s-midi, les enfants ont pu \u00e9couter les contes de la m\u00e8re No\u00ebl Marine, connue&hellip;\n","protected":false},"author":2,"featured_media":569629,"comment_status":"","ping_status":"","sticky":false,"template":"","format":"standard","meta":{"footnotes":""},"categories":[9566],"tags":[1111,11,2430,1687,112,1777,674,1011,27,2731,2732,12,25],"class_list":{"0":"post-569628","1":"post","2":"type-post","3":"status-publish","4":"format-standard","5":"has-post-thumbnail","7":"category-grenoble","8":"tag-actu","9":"tag-actualites","10":"tag-auvergne-rhone-alpes","11":"tag-culture-loisirs","12":"tag-edition-grenoble-agglomeration","13":"tag-eu","14":"tag-europe","15":"tag-fr","16":"tag-france","17":"tag-grenoble","18":"tag-grenoble-bassin","19":"tag-news","20":"tag-republique-francaise"},"share_on_mastodon":{"url":"https:\/\/pubeurope.com\/@fr\/115640661995075800","error":""},"_links":{"self":[{"href":"https:\/\/www.europesays.com\/fr\/wp-json\/wp\/v2\/posts\/569628","targetHints":{"allow":["GET"]}}],"collection":[{"href":"https:\/\/www.europesays.com\/fr\/wp-json\/wp\/v2\/posts"}],"about":[{"href":"https:\/\/www.europesays.com\/fr\/wp-json\/wp\/v2\/types\/post"}],"author":[{"embeddable":true,"href":"https:\/\/www.europesays.com\/fr\/wp-json\/wp\/v2\/users\/2"}],"replies":[{"embeddable":true,"href":"https:\/\/www.europesays.com\/fr\/wp-json\/wp\/v2\/comments?post=569628"}],"version-history":[{"count":0,"href":"https:\/\/www.europesays.com\/fr\/wp-json\/wp\/v2\/posts\/569628\/revisions"}],"wp:featuredmedia":[{"embeddable":true,"href":"https:\/\/www.europesays.com\/fr\/wp-json\/wp\/v2\/media\/569629"}],"wp:attachment":[{"href":"https:\/\/www.europesays.com\/fr\/wp-json\/wp\/v2\/media?parent=569628"}],"wp:term":[{"taxonomy":"category","embeddable":true,"href":"https:\/\/www.europesays.com\/fr\/wp-json\/wp\/v2\/categories?post=569628"},{"taxonomy":"post_tag","embeddable":true,"href":"https:\/\/www.europesays.com\/fr\/wp-json\/wp\/v2\/tags?post=569628"}],"curies":[{"name":"wp","href":"https:\/\/api.w.org\/{rel}","templated":true}]}}