{"id":569630,"date":"2025-11-30T21:00:39","date_gmt":"2025-11-30T21:00:39","guid":{"rendered":"https:\/\/www.europesays.com\/fr\/569630\/"},"modified":"2025-11-30T21:00:39","modified_gmt":"2025-11-30T21:00:39","slug":"a-rennes-un-arbre-est-tombe-dans-le-quartier-kennedy-endommageant-deux-voitures","status":"publish","type":"post","link":"https:\/\/www.europesays.com\/fr\/569630\/","title":{"rendered":"\u00c0 Rennes, un arbre est tomb\u00e9 dans le quartier Kennedy, endommageant deux voitures"},"content":{"rendered":"<p>Mauvaise surprise pour les habitants de l\u2019avenue de Guyenne, \u00e0 Rennes. Ce dimanche apr\u00e8s-midi, un arbre s\u2019est d\u00e9racin\u00e9 dans le quartier Kennedy, \u00e0 l\u2019ouest de la ville. En soir\u00e9e ce dimanche, il bloquait encore la chauss\u00e9e.<\/p>\n<p><img decoding=\"async\" src=\"https:\/\/www.europesays.com\/fr\/wp-content\/uploads\/2025\/11\/692c8f4549735d32c00923d4.1.jpeg\" width=\"480\" height=\"300\" class=\"web_golden_m\" loading=\"lazy\" alt=\"\u00c0 Rennes, un arbre est tomb\u00e9 dans le quartier Kennedy, endommageant deux voitures\"\/> (Le T\u00e9l\u00e9gramme\/Dorian Biczo)<\/p>\n<p>Par mesure de s\u00e9curit\u00e9, des barri\u00e8res ont \u00e9t\u00e9 install\u00e9es et la voie a \u00e9t\u00e9 ferm\u00e9e \u00e0 la circulation. Suite \u00e0 cette chute, une voiture a \u00e9t\u00e9 s\u00e9v\u00e8rement endommag\u00e9e, le tronc de l\u2019arbre \u00e9tant tomb\u00e9 sur le toit du v\u00e9hicule, et une seconde a \u00e9galement \u00e9t\u00e9 touch\u00e9e.<\/p>\n","protected":false},"excerpt":{"rendered":"Mauvaise surprise pour les habitants de l\u2019avenue de Guyenne, \u00e0 Rennes. Ce dimanche apr\u00e8s-midi, un arbre s\u2019est d\u00e9racin\u00e9&hellip;\n","protected":false},"author":2,"featured_media":569631,"comment_status":"","ping_status":"","sticky":false,"template":"","format":"standard","meta":{"footnotes":""},"categories":[2821],"tags":[1111,11,829,765,1777,674,1011,27,848,12,584,25],"class_list":{"0":"post-569630","1":"post","2":"type-post","3":"status-publish","4":"format-standard","5":"has-post-thumbnail","7":"category-rennes","8":"tag-actu","9":"tag-actualites","10":"tag-bretagne","11":"tag-en-continu","12":"tag-eu","13":"tag-europe","14":"tag-fr","15":"tag-france","16":"tag-ille-et-vilaine","17":"tag-news","18":"tag-rennes","19":"tag-republique-francaise"},"share_on_mastodon":{"url":"https:\/\/pubeurope.com\/@fr\/115640667631635115","error":""},"_links":{"self":[{"href":"https:\/\/www.europesays.com\/fr\/wp-json\/wp\/v2\/posts\/569630","targetHints":{"allow":["GET"]}}],"collection":[{"href":"https:\/\/www.europesays.com\/fr\/wp-json\/wp\/v2\/posts"}],"about":[{"href":"https:\/\/www.europesays.com\/fr\/wp-json\/wp\/v2\/types\/post"}],"author":[{"embeddable":true,"href":"https:\/\/www.europesays.com\/fr\/wp-json\/wp\/v2\/users\/2"}],"replies":[{"embeddable":true,"href":"https:\/\/www.europesays.com\/fr\/wp-json\/wp\/v2\/comments?post=569630"}],"version-history":[{"count":0,"href":"https:\/\/www.europesays.com\/fr\/wp-json\/wp\/v2\/posts\/569630\/revisions"}],"wp:featuredmedia":[{"embeddable":true,"href":"https:\/\/www.europesays.com\/fr\/wp-json\/wp\/v2\/media\/569631"}],"wp:attachment":[{"href":"https:\/\/www.europesays.com\/fr\/wp-json\/wp\/v2\/media?parent=569630"}],"wp:term":[{"taxonomy":"category","embeddable":true,"href":"https:\/\/www.europesays.com\/fr\/wp-json\/wp\/v2\/categories?post=569630"},{"taxonomy":"post_tag","embeddable":true,"href":"https:\/\/www.europesays.com\/fr\/wp-json\/wp\/v2\/tags?post=569630"}],"curies":[{"name":"wp","href":"https:\/\/api.w.org\/{rel}","templated":true}]}}