{"id":569632,"date":"2025-11-30T21:03:26","date_gmt":"2025-11-30T21:03:26","guid":{"rendered":"https:\/\/www.europesays.com\/fr\/569632\/"},"modified":"2025-11-30T21:03:26","modified_gmt":"2025-11-30T21:03:26","slug":"brice-samba-attend-le-psg-de-pied-ferme","status":"publish","type":"post","link":"https:\/\/www.europesays.com\/fr\/569632\/","title":{"rendered":"Brice Samba attend le PSG de pied ferme"},"content":{"rendered":"<p><b>Le Stade Rennais a encha\u00een\u00e9 ce vendredi soir face \u00e0 Metz<br \/>\n1-0. Un quatri\u00e8me succ\u00e8s de rang pour les hommes d\u2019Habib Beye. La semaine<br \/>\nprochaine, les Bretons seront oppos\u00e9s au <a href=\"https:\/\/www.foot01.com\/paris\" title=\"PSG\" target=\"_blank\" rel=\"noopener\">PSG<\/a>. Une mani\u00e8re de se tester pour<br \/>\nBrice Samba et ses co\u00e9quipiers. <\/b>Une v\u00e9ritable renaissance, depuis plusieurs semaines, le<br \/>\nStade Rennais encha\u00eene victoire sur victoire en <a href=\"https:\/\/www.foot01.com\/ligue1\" title=\"Ligue 1\" target=\"_blank\" rel=\"noopener\">Ligue 1<\/a>. Un quatri\u00e8me succ\u00e8s de<br \/>\nrang vendredi en ouverture de la 14e journ\u00e9e de Ligue 1 face \u00e0 Metz.<br \/>\nUn r\u00e9sultat positif qui permet \u00e0 la formation d\u2019Habib Beye de se replacer<br \/>\nprovisoirement \u00e0 la quatri\u00e8me place du championnat. Les Bretons ne comptent<br \/>\nplus que six longueurs de retard sur le <a href=\"https:\/\/www.foot01.com\/paris\" target=\"_self\" rel=\"noopener\">Paris Saint-Germain<\/a>, prochain adversaire<br \/>\ndu Stade Rennais.<\/p>\n<blockquote class=\"text-xl text-left font-medium text-gray-700 dark:text-gray-300\"><p>Apr\u00e8s, le coach Deschamps le dit assez souvent, il n\u2019y a<br \/>\nrien de fig\u00e9, de s\u00fbr, on verra dans les mois \u00e0 venir.<\/p><\/blockquote>\n<p>&#8211; Brice Samba sur l&rsquo;\u00e9quipe de FranceSamba veut regarder le PSG dans les yeux<\/p>\n<p>Et pour l\u2019occasion cette affiche sera un bon test pour le<br \/>\nvainqueur de la coupe de France 2019. Battu par Monaco samedi, le PSG semble<br \/>\nmoins fort que la saison derni\u00e8re. Rennes aura donc une chance d&rsquo;encha\u00eener une<br \/>\ncinqui\u00e8me victoire cons\u00e9cutive et montrer que l\u2019\u00e9quipe est bien de retour dans<br \/>\nle haut de tableau. Apr\u00e8s le match du c\u00f4t\u00e9 de la Moselle, Brice Samba s\u2019est<br \/>\nexprim\u00e9 sur la semaine prochaine. Le portier de l\u2019\u00e9quipe de France sait que la<br \/>\nt\u00e2che sera ardue, mais pas impossible.  \u00ab\u00a0C\u2019est tr\u00e8s bien. Il y a un<br \/>\nmois, notre situation \u00e9tait d\u00e9licate, donc \u00e7a fait du bien mentalement \u00e0 tout<br \/>\nle groupe. Ce quatri\u00e8me succ\u00e8s de suite nous donne \u00e9norm\u00e9ment de confiance.<br \/>\nNous devons continuer. Il faut profiter de ce moment, mais nous savons que nous<br \/>\navons un gros match face au Paris Saint-Germain la semaine prochaine, donc nous<br \/>\ndevons bien r\u00e9cup\u00e9rer et nous pr\u00e9parer pour ce choc,\u00a0\u00bb explique-t-il. Les<br \/>\nBretons auront \u00e0 c\u0153ur de confirmer la tr\u00e8s belle dynamique samedi prochain.<\/p>\n<p><img decoding=\"async\" src=\"https:\/\/www.europesays.com\/fr\/wp-content\/uploads\/2025\/10\/598.png\" alt=\"Rennes\" class=\"w-12 h-12 object-contain\"\/><img decoding=\"async\" class=\"w-4 h-4 left-[1.67px] top-[1.67px] absolute\" src=\"https:\/\/www.europesays.com\/fr\/wp-content\/uploads\/2025\/09\/301.png\" alt=\"Ligue 1\"\/><\/p>\n<p>Ligue 1<\/p>\n<p>28 novembre 2025 \u00e0 20:45<\/p>\n<p>Ligue 1<\/p>\n<p>22 novembre 2025 \u00e0 19:00<\/p>\n<p>Ligue 1<\/p>\n<p><img decoding=\"async\" src=\"https:\/\/www.europesays.com\/fr\/wp-content\/uploads\/2025\/09\/13187047.png\" alt=\"E. Lepaul\" class=\"w-16 h-16 object-cover rounded-full\"\/><\/p>\n<p>9.E. Lepaul<\/p>\n<p><img decoding=\"async\" src=\"https:\/\/www.europesays.com\/fr\/wp-content\/uploads\/2025\/09\/fr.png\" alt=\"FRA\" class=\"w-6 h-4 object-cover\"\/>FRA \u2022 \u00c2ge 25 \u2022 Attaquant<img decoding=\"async\" src=\"https:\/\/www.europesays.com\/fr\/wp-content\/uploads\/2025\/11\/32538.png\" alt=\"B. Embolo\" class=\"w-16 h-16 object-cover rounded-full\"\/><\/p>\n<p>7.B. Embolo<\/p>\n<p><img decoding=\"async\" src=\"https:\/\/www.europesays.com\/fr\/wp-content\/uploads\/2025\/11\/ch.png\" alt=\"SUI\" class=\"w-6 h-4 object-cover\"\/>SUI \u2022 \u00c2ge 28 \u2022 Attaquant<\/p>\n","protected":false},"excerpt":{"rendered":"Le Stade Rennais a encha\u00een\u00e9 ce vendredi soir face \u00e0 Metz 1-0. Un quatri\u00e8me succ\u00e8s de rang pour&hellip;\n","protected":false},"author":2,"featured_media":569633,"comment_status":"","ping_status":"","sticky":false,"template":"","format":"standard","meta":{"footnotes":""},"categories":[2821],"tags":[1111,11,829,1777,674,1011,27,66,12,93,584,25],"class_list":{"0":"post-569632","1":"post","2":"type-post","3":"status-publish","4":"format-standard","5":"has-post-thumbnail","7":"category-rennes","8":"tag-actu","9":"tag-actualites","10":"tag-bretagne","11":"tag-eu","12":"tag-europe","13":"tag-fr","14":"tag-france","15":"tag-ligue-1","16":"tag-news","17":"tag-psg","18":"tag-rennes","19":"tag-republique-francaise"},"share_on_mastodon":{"url":"https:\/\/pubeurope.com\/@fr\/115640679633895760","error":""},"_links":{"self":[{"href":"https:\/\/www.europesays.com\/fr\/wp-json\/wp\/v2\/posts\/569632","targetHints":{"allow":["GET"]}}],"collection":[{"href":"https:\/\/www.europesays.com\/fr\/wp-json\/wp\/v2\/posts"}],"about":[{"href":"https:\/\/www.europesays.com\/fr\/wp-json\/wp\/v2\/types\/post"}],"author":[{"embeddable":true,"href":"https:\/\/www.europesays.com\/fr\/wp-json\/wp\/v2\/users\/2"}],"replies":[{"embeddable":true,"href":"https:\/\/www.europesays.com\/fr\/wp-json\/wp\/v2\/comments?post=569632"}],"version-history":[{"count":0,"href":"https:\/\/www.europesays.com\/fr\/wp-json\/wp\/v2\/posts\/569632\/revisions"}],"wp:featuredmedia":[{"embeddable":true,"href":"https:\/\/www.europesays.com\/fr\/wp-json\/wp\/v2\/media\/569633"}],"wp:attachment":[{"href":"https:\/\/www.europesays.com\/fr\/wp-json\/wp\/v2\/media?parent=569632"}],"wp:term":[{"taxonomy":"category","embeddable":true,"href":"https:\/\/www.europesays.com\/fr\/wp-json\/wp\/v2\/categories?post=569632"},{"taxonomy":"post_tag","embeddable":true,"href":"https:\/\/www.europesays.com\/fr\/wp-json\/wp\/v2\/tags?post=569632"}],"curies":[{"name":"wp","href":"https:\/\/api.w.org\/{rel}","templated":true}]}}