{"id":569634,"date":"2025-11-30T21:04:16","date_gmt":"2025-11-30T21:04:16","guid":{"rendered":"https:\/\/www.europesays.com\/fr\/569634\/"},"modified":"2025-11-30T21:04:16","modified_gmt":"2025-11-30T21:04:16","slug":"reichstett-un-restaurant-evacue-apres-une-fausse-alerte-a-la-bombe-au-shopping-promenade","status":"publish","type":"post","link":"https:\/\/www.europesays.com\/fr\/569634\/","title":{"rendered":"Reichstett. Un restaurant \u00e9vacu\u00e9 apr\u00e8s une fausse alerte \u00e0 la bombe au Shopping Promenade"},"content":{"rendered":"<p>Le restaurant La C\u00f4te de b\u0153uf, situ\u00e9 dans la zone commerciale Shopping Promenade, \u00e0 Reichstett, \u00e9tait en plein service samedi 29\u00a0novembre aux alentours de 21\u00a0h quand le personnel a re\u00e7u un appel malveillant.<\/p>\n<p>Au t\u00e9l\u00e9phone, l\u2019interlocuteur a indiqu\u00e9 qu\u2019il souhaitait annuler sa r\u00e9servation. Il a surtout affirm\u00e9 qu\u2019il avait plac\u00e9 une bombe \u00e0 l\u2019int\u00e9rieur de l\u2019\u00e9tablissement. L\u2019ensemble des clients a \u00e9t\u00e9 \u00e9vacu\u00e9.<\/p>\n<p>Une menace similaire \u00e0 Dijon<\/p>\n<p>Les gendarmes locaux sont rapidement intervenus, accompagn\u00e9s d\u2019un militaire de la compagnie de Molsheim, sp\u00e9cialis\u00e9 en explosifs. Apr\u00e8s inspection, tout danger a \u00e9t\u00e9 \u00e9cart\u00e9. Les clients et le personnel ont pu regagner le restaurant du boulevard des Enseignes vers 23\u00a0h.<\/p>\n<p>Une enqu\u00eate a \u00e9t\u00e9 ouverte en vue d\u2019identifier l\u2019auteur de cette fausse alerte \u00e0 la bombe. Le m\u00eame soir, le m\u00eame num\u00e9ro de t\u00e9l\u00e9phone a \u00e9t\u00e9 utilis\u00e9 pour prof\u00e9rer une menace similaire contre un restaurant de Dijon, en C\u00f4te-d\u2019Or.<\/p>\n","protected":false},"excerpt":{"rendered":"Le restaurant La C\u00f4te de b\u0153uf, situ\u00e9 dans la zone commerciale Shopping Promenade, \u00e0 Reichstett, \u00e9tait en plein&hellip;\n","protected":false},"author":2,"featured_media":569635,"comment_status":"","ping_status":"","sticky":false,"template":"","format":"standard","meta":{"footnotes":""},"categories":[2820],"tags":[1111,11,2880,1777,674,274,107,1011,27,775,12,7092,25,640,3265],"class_list":{"0":"post-569634","1":"post","2":"type-post","3":"status-publish","4":"format-standard","5":"has-post-thumbnail","7":"category-strasbourg","8":"tag-actu","9":"tag-actualites","10":"tag-edition-strasbourg","11":"tag-eu","12":"tag-europe","13":"tag-faits-divers-justice","14":"tag-fil-info","15":"tag-fr","16":"tag-france","17":"tag-grand-est","18":"tag-news","19":"tag-reichstett","20":"tag-republique-francaise","21":"tag-strasbourg","22":"tag-strasbourg-nord"},"share_on_mastodon":{"url":"https:\/\/pubeurope.com\/@fr\/115640681485072229","error":""},"_links":{"self":[{"href":"https:\/\/www.europesays.com\/fr\/wp-json\/wp\/v2\/posts\/569634","targetHints":{"allow":["GET"]}}],"collection":[{"href":"https:\/\/www.europesays.com\/fr\/wp-json\/wp\/v2\/posts"}],"about":[{"href":"https:\/\/www.europesays.com\/fr\/wp-json\/wp\/v2\/types\/post"}],"author":[{"embeddable":true,"href":"https:\/\/www.europesays.com\/fr\/wp-json\/wp\/v2\/users\/2"}],"replies":[{"embeddable":true,"href":"https:\/\/www.europesays.com\/fr\/wp-json\/wp\/v2\/comments?post=569634"}],"version-history":[{"count":0,"href":"https:\/\/www.europesays.com\/fr\/wp-json\/wp\/v2\/posts\/569634\/revisions"}],"wp:featuredmedia":[{"embeddable":true,"href":"https:\/\/www.europesays.com\/fr\/wp-json\/wp\/v2\/media\/569635"}],"wp:attachment":[{"href":"https:\/\/www.europesays.com\/fr\/wp-json\/wp\/v2\/media?parent=569634"}],"wp:term":[{"taxonomy":"category","embeddable":true,"href":"https:\/\/www.europesays.com\/fr\/wp-json\/wp\/v2\/categories?post=569634"},{"taxonomy":"post_tag","embeddable":true,"href":"https:\/\/www.europesays.com\/fr\/wp-json\/wp\/v2\/tags?post=569634"}],"curies":[{"name":"wp","href":"https:\/\/api.w.org\/{rel}","templated":true}]}}