{"id":569636,"date":"2025-11-30T21:05:20","date_gmt":"2025-11-30T21:05:20","guid":{"rendered":"https:\/\/www.europesays.com\/fr\/569636\/"},"modified":"2025-11-30T21:05:20","modified_gmt":"2025-11-30T21:05:20","slug":"strasbourg-brest-intensite-reglages-tactiques-finisseurs-comment-le-stade-brestois-a-reussi-a-renverser-la-vapeur","status":"publish","type":"post","link":"https:\/\/www.europesays.com\/fr\/569636\/","title":{"rendered":"Strasbourg &#8211; Brest\u00a0: \u00ab\u00a0intensit\u00e9\u00a0\u00bb, r\u00e9glages tactiques, \u00ab\u00a0finisseurs\u00a0\u00bb\u2026 Comment le Stade Brestois a r\u00e9ussi \u00e0 renverser la vapeur"},"content":{"rendered":"<p>Ligue 1 (14e journ\u00e9e). RC Strasbourg &#8211; Stade Brestois\u00a0: 1-2<\/p>\n<p>On \u00e9tait bien loin de la mer. Pourtant, <a href=\"https:\/\/www.letelegramme.fr\/sports\/football\/stade-brestois\/direct-strasbourg-brest-suivez-le-match-6935098.php\" target=\"_blank\" rel=\"noopener\">pendant une mi-temps<\/a>, des vagues bleues ont sans cesse d\u00e9ferl\u00e9 sur la surface de r\u00e9paration brestoise, dimanche, \u00e0 Strasbourg. Les Finist\u00e9riens ont encaiss\u00e9 un but d\u00e8s la 11e minute, Joaquin Panichelli a fracass\u00e9 la transversale de Gr\u00e9goire Coudert (28\u2019) puis a oblig\u00e9 ce dernier \u00e0 signer une parade magnifique (45\u2019+ 1). \u00c0 la mi-temps, beaucoup de supporters s\u2019attendaient \u00e0 voir Brest couler en Alsace. Mais tout a chang\u00e9 ensuite.<\/p>\n<p>\u00ab\u00a0Deux ou trois petits r\u00e9glages\u00a0\u00bb tactiques<\/p>\n<p>\u00c0 la mi-temps, Eric Roy n\u2019a pas tanc\u00e9 ses troupes. \u00ab\u00a0Je leur ai dit qu\u2019il fallait qu\u2019ils y croient, qu\u2019on \u00e9tait capable de faire mieux et que si on restait dans le match, il pouvait se passer beaucoup de choses.\u00a0\u00bb L\u2019entra\u00eeneur a aussi fait \u00ab\u00a0deux ou trois petits r\u00e9glages\u00a0\u00bb tactiques car le milieu strasbourgeois \u00ab\u00a0avait fait des mis\u00e8res\u00a0\u00bb aux Brestois. \u00ab\u00a0On avait programm\u00e9 d\u2019aller les chercher, explique <a href=\"https:\/\/www.letelegramme.fr\/sports\/football\/stade-brestois\/je-sentais-que-je-commencais-a-perdre-la-vision-brendan-chardonnet-explique-pourquoi-il-a-demande-a-sortir-lors-de-strasbourg-brest-6938344.php\" target=\"_blank\" rel=\"noopener\">Brendan Chardonnet<\/a>. Le probl\u00e8me, c\u2019est qu\u2019ils trouvaient l\u2019appui et un soutien pour repartir en profondeur. Donc on a resserr\u00e9 l\u2019axe en deuxi\u00e8me mi-temps.\u00a0\u00bb<\/p>\n<p>Plus d\u2019intensit\u00e9 face \u00e0 des Strasbourgeois fatigu\u00e9s<\/p>\n<p>\u00ab\u00a0Quand on est revenu du vestiaire, on a mis plus d\u2019intensit\u00e9, estime Ludovic Ajorque. On \u00e9tait plus pr\u00e9sent dans les duels et avec le ballon, on a eu des bonnes phases.\u00a0\u00bb Les Brestois ont r\u00e9cup\u00e9r\u00e9 beaucoup plus de ballons et ont r\u00e9ussi \u00e0 poser leur jeu. Quand, au contraire, les Strasbourgeois flanchaient physiquement et reculaient.<\/p>\n<p>\u00ab\u00a0On savait qu\u2019ils avaient jou\u00e9 jeudi (contre Crystal Palace en Ligue Conf\u00e9rence) et qu\u2019ils pouvaient avoir un coup de moins bien s\u00fbr le premier quart d\u2019heure de la deuxi\u00e8me, rappelle <a href=\"https:\/\/www.letelegramme.fr\/sports\/football\/stade-brestois\/un-specialiste-de-lentree-de-surface-le-brestois-hugo-magnetti-auteur-dun-but-fantastique-et-dun-match-plein-a-strasbourg-6938387.php\" target=\"_blank\" rel=\"noopener\">Hugo Magnetti<\/a>. C\u2019est ce qui s\u2019est pass\u00e9, on a pouss\u00e9 et \u00e7a nous a r\u00e9ussis.\u00a0\u00bb En plein \u00ab\u00a0d\u00e9passement de fonction\u00a0\u00bb, dixit \u00c9ric Roy, Junior Diaz a provoqu\u00e9 un penalty, transform\u00e9 par Romain Del Castillo (1-1, 55\u2019). Et Hugo Magnetti a marqu\u00e9 une reprise splendide (1-2, 82\u2019). Pour \u00c9ric Roy, \u00ab\u00a0on a vraiment pris le dessus pendant ces 25-30 minutes. C\u2019est notre meilleur momentum depuis le d\u00e9but de la saison et, je pense, un match de r\u00e9f\u00e9rence pour nous.\u00a0\u00bb<\/p>\n<p>Des \u00ab\u00a0finisseurs\u00a0\u00bb au rendez-vous<\/p>\n<p>Les mots comptent quand on manage des joueurs de foot. <a href=\"https:\/\/www.letelegramme.fr\/sports\/football\/stade-brestois\/auxerre-brest-plus-que-des-remplacants-le-stade-brestois-peut-compter-sur-ses-finisseurs-6670505.php\" target=\"_blank\" rel=\"noopener\">\u00c9ric Roy pr\u00e9f\u00e8re parler de \u00ab\u00a0finisseurs\u00a0\u00bb plut\u00f4t que de \u00ab\u00a0rempla\u00e7ants\u00a0\u00bb<\/a>. C\u2019\u00e9tait le cas, dimanche. Deux d\u2019entre eux sont \u00e0 l\u2019origine du but d\u00e9cisif\u00a0: le pressing de Lucas Tousart a permis \u00e0 Mama Bald\u00e9 de r\u00e9cup\u00e9rer le ballon. Ce dernier a tout donn\u00e9 pour d\u00e9border puis centrer. Lors de sa causerie, \u00c9ric Roy avait \u00ab\u00a0fait comprendre aux finisseurs que c\u2019\u00e9tait peut-\u00eatre eux qui feraient la diff\u00e9rence. C\u2019est ce qui s\u2019est pass\u00e9.\u00a0\u00bb<\/p>\n<p>Coudert et une d\u00e9fense solide<\/p>\n<p>\u00ab\u00a0Il restait pas mal du temps apr\u00e8s le but d\u2019Hugo, pointe Joris Chotard. Il fallait \u00eatre costaud, on l\u2019a \u00e9t\u00e9.\u00a0\u00bb Solides et bien organis\u00e9s, les Brestois ont contraint les Alsaciens \u00e0 multiplier les centres. Tous repouss\u00e9s, parfois in extremis. \u00ab\u00a0Gr\u00e9goire (Coudert) a fait les arr\u00eats qu\u2019on attendait de lui\u00a0\u00bb, note \u00c9ric Roy. \u00ab\u00a0Quand on a souffert, on ne s\u2019est pas affol\u00e9, on a r\u00e9ussi \u00e0 faire corps et \u00e0 \u00eatre solidaires.\u00a0\u00bb Assez pour endiguer les derni\u00e8res vagues bleues.<\/p>\n","protected":false},"excerpt":{"rendered":"Ligue 1 (14e journ\u00e9e). RC Strasbourg &#8211; Stade Brestois\u00a0: 1-2 On \u00e9tait bien loin de la mer. Pourtant,&hellip;\n","protected":false},"author":2,"featured_media":569637,"comment_status":"","ping_status":"","sticky":false,"template":"","format":"standard","meta":{"footnotes":""},"categories":[2820],"tags":[1111,11,3450,1777,674,63,1011,27,775,66,12,25,60,4449,640],"class_list":{"0":"post-569636","1":"post","2":"type-post","3":"status-publish","4":"format-standard","5":"has-post-thumbnail","7":"category-strasbourg","8":"tag-actu","9":"tag-actualites","10":"tag-brest","11":"tag-eu","12":"tag-europe","13":"tag-football","14":"tag-fr","15":"tag-france","16":"tag-grand-est","17":"tag-ligue-1","18":"tag-news","19":"tag-republique-francaise","20":"tag-sports","21":"tag-stade-brestois","22":"tag-strasbourg"},"share_on_mastodon":{"url":"https:\/\/pubeurope.com\/@fr\/115640685383188219","error":""},"_links":{"self":[{"href":"https:\/\/www.europesays.com\/fr\/wp-json\/wp\/v2\/posts\/569636","targetHints":{"allow":["GET"]}}],"collection":[{"href":"https:\/\/www.europesays.com\/fr\/wp-json\/wp\/v2\/posts"}],"about":[{"href":"https:\/\/www.europesays.com\/fr\/wp-json\/wp\/v2\/types\/post"}],"author":[{"embeddable":true,"href":"https:\/\/www.europesays.com\/fr\/wp-json\/wp\/v2\/users\/2"}],"replies":[{"embeddable":true,"href":"https:\/\/www.europesays.com\/fr\/wp-json\/wp\/v2\/comments?post=569636"}],"version-history":[{"count":0,"href":"https:\/\/www.europesays.com\/fr\/wp-json\/wp\/v2\/posts\/569636\/revisions"}],"wp:featuredmedia":[{"embeddable":true,"href":"https:\/\/www.europesays.com\/fr\/wp-json\/wp\/v2\/media\/569637"}],"wp:attachment":[{"href":"https:\/\/www.europesays.com\/fr\/wp-json\/wp\/v2\/media?parent=569636"}],"wp:term":[{"taxonomy":"category","embeddable":true,"href":"https:\/\/www.europesays.com\/fr\/wp-json\/wp\/v2\/categories?post=569636"},{"taxonomy":"post_tag","embeddable":true,"href":"https:\/\/www.europesays.com\/fr\/wp-json\/wp\/v2\/tags?post=569636"}],"curies":[{"name":"wp","href":"https:\/\/api.w.org\/{rel}","templated":true}]}}