{"id":569648,"date":"2025-11-30T21:11:18","date_gmt":"2025-11-30T21:11:18","guid":{"rendered":"https:\/\/www.europesays.com\/fr\/569648\/"},"modified":"2025-11-30T21:11:18","modified_gmt":"2025-11-30T21:11:18","slug":"bordeaux-previsions-meteo-du-dimanche-30-novembre-2025","status":"publish","type":"post","link":"https:\/\/www.europesays.com\/fr\/569648\/","title":{"rendered":"Bordeaux : pr\u00e9visions m\u00e9t\u00e9o du dimanche 30 novembre 2025"},"content":{"rendered":"<p>\u00c0 Bordeaux, la journ\u00e9e du dimanche 30 novembre 2025 se d\u00e9roule sous un ciel tr\u00e8s nuageux \u00e0 variable, avec des temp\u00e9ratures fra\u00eeches autour de 11\u00b0C et un vent mod\u00e9r\u00e9. L\u2019atmosph\u00e8re reste globalement s\u00e8che malgr\u00e9 une humidit\u00e9 \u00e9lev\u00e9e.<\/p>\n<p>Ce samedi 30 novembre 2025, Bordeaux s\u2019\u00e9veille dans une atmosph\u00e8re humide mais paisible. Les mod\u00e8les s\u2019accordent : la journ\u00e9e devrait rester globalement s\u00e8che, malgr\u00e9 un faible risque d\u2019averses \u00e9parses et une temp\u00e9rature maximale de 11\u00a0\u00b0C.<\/p>\n<p>Port\u00e9e par un flux de nord, la masse d\u2019air installe une sensation de fra\u00eecheur, sans rafales notables. L\u2019ensoleillement demeurera discret, le soleil jouant \u00e0 cache-cache derri\u00e8re de nombreux nuages stratiformes.<\/p>\n<p>Ce temps frais mais relativement sec s\u2019inscrit dans la norme d\u2019un automne tardif en Gironde, m\u00eame si la douceur oc\u00e9anique para\u00eet en retrait par rapport aux hivers r\u00e9cents, souvent plus humides et venteux.<\/p>\n<tr>\n<td><b>Temp. min<\/b><\/td>\n<td>5\u00a0\u00b0C<\/td>\n<\/tr>\n<tr>\n<td><b>Temp. max<\/b><\/td>\n<td>11\u00a0\u00b0C<\/td>\n<\/tr>\n<tr>\n<td><b>Pluie pr\u00e9vue<\/b><\/td>\n<td>4\u00a0mm<\/td>\n<\/tr>\n<tr>\n<td><b>Vent moyen<\/b><\/td>\n<td>11\u00a0km\/h NNO<\/td>\n<\/tr>\n<p>Matin\u00a0: humidit\u00e9 \u00e9lev\u00e9e et lever du soleil<\/p>\n<p>\u00c0 9\u00a0h, le ciel est tr\u00e8s nuageux et l\u2019humidit\u00e9 atteint <b>93\u00a0%<\/b>. Le thermom\u00e8tre indique <b>8\u00a0\u00b0C<\/b>, ressenti 7\u00a0\u00b0C. Une brise de sud-ouest de 4\u00a0km\/h s\u2019installe, sans rafales marquantes.<\/p>\n<ul>\n<li>Lever du soleil\u00a0: 08\u00a0h\u00a018<\/li>\n<li>Probabilit\u00e9 d\u2019averse\u00a0: 3\u00a0%<\/li>\n<\/ul>\n<p>Avec une telle humidit\u00e9, attention aux pare-brises embu\u00e9s. Pr\u00e9voyez quelques minutes suppl\u00e9mentaires pour d\u00e9sembuer et adoptez une conduite prudente sur des chauss\u00e9es parfois glissantes.<\/p>\n<p>Les cours d\u2019eau restent dans leur lit\u00a0; aucun d\u00e9bordement n\u2019est anticip\u00e9. Les professionnels du vin profitent de ces conditions pour achever la taille, sans risque d\u2019\u00e9rosion des sols ni d\u2019humidit\u00e9 excessive sur les bourgeons.<\/p>\n<p>Apr\u00e8s-midi\u00a0: \u00e9claircies timides<\/p>\n<p>Entre 12\u00a0h et 15\u00a0h, le ciel devient variable. Quelques \u00e9claircies parviennent \u00e0 r\u00e9chauffer l\u2019atmosph\u00e8re, avec un mercure \u00e0 <b>11\u00a0\u00b0C<\/b>, ressenti 10\u00a0\u00b0C. L\u2019humidit\u00e9 recule \u00e0 73\u00a0% et la pression grimpe \u00e0 1020\u00a0hPa.<\/p>\n<p>Le vent de nord se renforce l\u00e9g\u00e8rement, atteignant 11\u00a0km\/h. Le risque d\u2019averse demeure limit\u00e9 \u00e0 18\u00a0%, permettant de profiter des march\u00e9s de No\u00ebl sans n\u00e9cessit\u00e9 de parapluie.<\/p>\n<p>Si les \u00e9claircies se maintiennent, le faible indice UV limite tout risque de coup de soleil. Les joggeurs pourront sortir en milieu d\u2019apr\u00e8s-midi, mais mieux vaut pr\u00e9voir un v\u00eatement coupe-vent pour se prot\u00e9ger de la fra\u00eecheur ambiante.<\/p>\n<p>Soir\u00a0: fra\u00eecheur et coucher de soleil<\/p>\n<p>\u00c0 21\u00a0h, l\u2019ambiance se fait quasi hivernale\u00a0: ciel l\u00e9g\u00e8rement nuageux, 6\u00a0\u00b0C pour un ressenti de 4\u00a0\u00b0C. L\u2019air se stabilise, l\u2019humidit\u00e9 remonte \u00e0 94\u00a0% et la pression reste \u00e9lev\u00e9e \u00e0 1023\u00a0hPa.<\/p>\n<p>Le vent tombe \u00e0 2\u00a0km\/h, venant du nord. Pensez \u00e0 superposer les couches si vous sortez contempler le coucher du soleil \u00e0 17\u00a0h\u00a023 ou fl\u00e2ner le long des quais rafra\u00eechis.<\/p>\n<ul>\n<li>Ciel partiellement d\u00e9gag\u00e9 apr\u00e8s 20\u00a0h<\/li>\n<li>Pas de pluie attendue<\/li>\n<\/ul>\n<p>L\u2019absence quasi totale de pluie facilitera les d\u00e9placements nocturnes. Toutefois, l\u2019humidit\u00e9 \u00e9lev\u00e9e pourra favoriser la formation de bu\u00e9e sur les r\u00e9troviseurs\u00a0: ayez un chiffon microfibre \u00e0 port\u00e9e de main avant de prendre la route.<\/p>\n<p>Tendance pour demain<\/p>\n<p>La nuit suivante s\u2019annonce nuageuse, avec 7\u00a0\u00b0C vers minuit et une brise de sud-sud-est \u00e0 11\u00a0km\/h. Lundi 1er d\u00e9cembre d\u00e9butera sous un brouillard dense, de 0 \u00e0 9\u00a0\u00b0C, sans pr\u00e9cipitations pr\u00e9vues.<\/p>\n<p>La visibilit\u00e9 sera r\u00e9duite au petit matin\u00a0: prudence recommand\u00e9e sur la rocade. Le mercure restera inf\u00e9rieur aux normales de saison, avec un ressenti possible \u00e0 \u20133\u00a0\u00b0C. Pour un suivi d\u00e9taill\u00e9, consultez <a href=\"https:\/\/www.meteocity.com\/france\/bordeaux-v3031582\/meteo-15-jours\" target=\"_blank\" rel=\"noopener\">notre pr\u00e9vision sur 15 jours<\/a>.<\/p>\n<p>Ces brouillards radiatifs sont typiques des nuits calmes de d\u00e9cembre. Les climatologues n\u2019observent pas de signal particulier du changement climatique pour cet \u00e9pisode, si ce n\u2019est une l\u00e9g\u00e8re tendance \u00e0 des nuits moins froides sur le long terme.<\/p>\n<p>En cas de brouillard persistant, les vols \u00e0 l\u2019a\u00e9roport de M\u00e9rignac pourraient conna\u00eetre des retards. Il est conseill\u00e9 aux voyageurs de v\u00e9rifier l\u2019\u00e9tat du trafic avant de partir.<\/p>\n<p>En r\u00e9sum\u00e9, cette journ\u00e9e apporte une parenth\u00e8se presque s\u00e8che entre deux p\u00e9riodes plus humides. Profitez-en pour sortir, tout en restant attentif aux temp\u00e9ratures qui descendront rapidement vers 5\u00a0\u00b0C d\u00e8s la tomb\u00e9e de la nuit.<\/p>\n","protected":false},"excerpt":{"rendered":"\u00c0 Bordeaux, la journ\u00e9e du dimanche 30 novembre 2025 se d\u00e9roule sous un ciel tr\u00e8s nuageux \u00e0 variable,&hellip;\n","protected":false},"author":2,"featured_media":569649,"comment_status":"","ping_status":"","sticky":false,"template":"","format":"standard","meta":{"footnotes":""},"categories":[2817],"tags":[1111,11,1997,1777,674,1011,27,12,2219,25],"class_list":{"0":"post-569648","1":"post","2":"type-post","3":"status-publish","4":"format-standard","5":"has-post-thumbnail","7":"category-bordeaux","8":"tag-actu","9":"tag-actualites","10":"tag-bordeaux","11":"tag-eu","12":"tag-europe","13":"tag-fr","14":"tag-france","15":"tag-news","16":"tag-nouvelle-aquitaine","17":"tag-republique-francaise"},"share_on_mastodon":{"url":"https:\/\/pubeurope.com\/@fr\/115640709132463831","error":""},"_links":{"self":[{"href":"https:\/\/www.europesays.com\/fr\/wp-json\/wp\/v2\/posts\/569648","targetHints":{"allow":["GET"]}}],"collection":[{"href":"https:\/\/www.europesays.com\/fr\/wp-json\/wp\/v2\/posts"}],"about":[{"href":"https:\/\/www.europesays.com\/fr\/wp-json\/wp\/v2\/types\/post"}],"author":[{"embeddable":true,"href":"https:\/\/www.europesays.com\/fr\/wp-json\/wp\/v2\/users\/2"}],"replies":[{"embeddable":true,"href":"https:\/\/www.europesays.com\/fr\/wp-json\/wp\/v2\/comments?post=569648"}],"version-history":[{"count":0,"href":"https:\/\/www.europesays.com\/fr\/wp-json\/wp\/v2\/posts\/569648\/revisions"}],"wp:featuredmedia":[{"embeddable":true,"href":"https:\/\/www.europesays.com\/fr\/wp-json\/wp\/v2\/media\/569649"}],"wp:attachment":[{"href":"https:\/\/www.europesays.com\/fr\/wp-json\/wp\/v2\/media?parent=569648"}],"wp:term":[{"taxonomy":"category","embeddable":true,"href":"https:\/\/www.europesays.com\/fr\/wp-json\/wp\/v2\/categories?post=569648"},{"taxonomy":"post_tag","embeddable":true,"href":"https:\/\/www.europesays.com\/fr\/wp-json\/wp\/v2\/tags?post=569648"}],"curies":[{"name":"wp","href":"https:\/\/api.w.org\/{rel}","templated":true}]}}