{"id":569654,"date":"2025-11-30T21:14:22","date_gmt":"2025-11-30T21:14:22","guid":{"rendered":"https:\/\/www.europesays.com\/fr\/569654\/"},"modified":"2025-11-30T21:14:22","modified_gmt":"2025-11-30T21:14:22","slug":"plus-de-10-concerts-en-decembre-quil-ne-faut-vraiment-pas-manquer","status":"publish","type":"post","link":"https:\/\/www.europesays.com\/fr\/569654\/","title":{"rendered":"Plus de 10 concerts en d\u00e9cembre qu&rsquo;il ne faut vraiment pas manquer"},"content":{"rendered":"<p><img fetchpriority=\"high\" decoding=\"async\" class=\"alignnone size-medium wp-image-35889 pk-lazyload\" src=\"data:image\/png;base64,iVBORw0KGgoAAAANSUhEUgAAAyAAAAIVAQMAAAATfgmBAAAAA1BMVEUAAP+KeNJXAAAAAXRSTlMAQObYZgAAAAlwSFlzAAAOxAAADsQBlSsOGwAAAEtJREFUeNrtwQENAAAAwqD3T20ON6AAAAAAAAAAAAAAAAAAAAAAAAAAAAAAAAAAAAAAAAAAAAAAAAAAAAAAAAAAAAAAAAAAAAAATgzSSQABp\/elWgAAAABJRU5ErkJggg==\" alt=\"\" width=\"800\" height=\"533\" data-pk- data-ls- data-pk-src=\"https:\/\/www.europesays.com\/fr\/wp-content\/uploads\/2025\/11\/c-Kane-Hibberd-_-John-Butler_11_02_202585136_300dpi-800x533.jpg\" data-pk-\/><\/p>\n<p><strong>Concerts en d\u00e9cembre 2025 \u2013 Ho Ho Ho\u2026 \ud83c\udf85\ud83c\udffc <\/strong><\/p>\n<p><strong>Salut les lutins ! J-24 avant l\u2019arriv\u00e9e du vieux Barbu et de v\u00e9rifier votre niveau de sagesse annuelle avec votre poids (ou pas) en cadeau sous le sapin. Pour l\u2019heure, voici notre dernier reco de l\u2019ann\u00e9e de concerts programm\u00e9s sur notre belle m\u00e9tropole lilloise. Et oui, d\u00e9j\u00e0. <\/strong><strong>La bonne nouvelle, c\u2019est que votre r\u00e9dac\u2019 pr\u00e9f\u00e9r\u00e9e vous donne bien rendez-vous l\u2019ann\u00e9e prochaine pour cette chronique. Joyeuses f\u00eates surtout ! \ud83c\udf84\u2728<\/strong><\/p>\n<p>Ciel + Bilk (rock\/indie)<br \/>Le 1er d\u00e9cembre 2025 \u00e0 l\u2019A\u00e9ronef<\/p>\n<p class=\"mb-0 text-4xl lg:text-5xl xl:text-7xl leading-none lg:leading-none xl:leading-none \"><strong>Le son de CIEL est \u00e0 la fois atmosph\u00e9rique et urgent \u2013 des guitares lourdes, des lignes de basse puls\u00e9es et des rythmes entra\u00eenants servent de toile de fond \u00e0 la voix obs\u00e9dante et intime de Michelle Hindriks. <\/strong>Un son qui se situe quelque part entre Slowdive, Wolf Alice et The Cure. Premi\u00e8re partie : Bilk (rock ind\u00e9)<\/p>\n<\/p>\n<p>The Amy Winehouse Band<br \/>Le 2 d\u00e9cembre 2025 au Th\u00e9\u00e2tre S\u00e9bastopol<\/p>\n<p class=\"et_pb_module et_pb_code et_pb_code_2_tb_body\"><strong>Revivez les plus grands succ\u00e8s d\u2019Amy Winehouse, l\u2019ic\u00f4ne de la soul \u00e0 la voix envo\u00fbtante, lors d\u2019un concert unique avec son groupe d\u2019origine, dirig\u00e9 par le bassiste Dale Davis, son ami de toujours.<\/strong> <\/p>\n<\/p>\n<p>John Butler (indie folk)<br \/>Le 3 d\u00e9cembre 2025 \u00e0 la Condition Publique<\/p>\n<p class=\"node-embed-title uppercase text-4xl lg:text-6xl font-light \"><strong>Ic\u00f4ne australienne de la sc\u00e8ne ind\u00e9pendante et figure incontournable du blues-folk contemporain, John Butler revient sur le devant de la sc\u00e8ne avec une tourn\u00e9e solo exceptionnelle en France.<\/strong><\/p>\n<\/p>\n<p>Warhaus (indie rock)<br \/>Le 4 d\u00e9cembre 2025 \u00e0 l\u2019A\u00e9ronef<\/p>\n<p class=\"node-embed-title uppercase text-4xl lg:text-6xl font-light \"><strong>Apr\u00e8s avoir fait ses armes avec Balthazar puis plusieurs incursions en solo sous le patronyme de Warhaus, Maarten Devoldere est de retour avec un nouvel album.<\/strong> Le dandy belge y partage son spleen, magnifi\u00e9 par des orchestrations \u00e0 la gr\u00e2ce moite et son timbre de voix unique. Premi\u00e8re partie : Roufaida (pop)<\/p>\n<\/p>\n<p>Les 80 ans du Secours populaire (chanson)<br \/>Le 4 d\u00e9cembre 2025 au Z\u00e9nith de Lille<\/p>\n<p class=\"mb-10 text-30 lg:text-50 font-bold mt-12\"><strong>Caritatif. Renaud, Gauvain Sers, Les Ogres de Barback, Marcel et son orchestre\u2026 sont \u00e0 l\u2019affiche d\u2019un grand anniversaire militant, organis\u00e9 par la f\u00e9d\u00e9ration du Nord du Secours populaire pour ses 80 ans<\/strong>. Reconnue d\u2019utilit\u00e9 publique, l\u2019association continue plus que jamais de s\u2019engager face aux urgences : la pr\u00e9carit\u00e9, les catastrophes naturelles, l\u2019acc\u00e8s aux droits fondamentaux. <img loading=\"lazy\" decoding=\"async\" class=\"alignnone wp-image-35867 size-medium pk-lazyload\" src=\"data:image\/png;base64,iVBORw0KGgoAAAANSUhEUgAAAyAAAAMgAQMAAADhvpQrAAAAA1BMVEUAAP+KeNJXAAAAAXRSTlMAQObYZgAAAAlwSFlzAAAOxAAADsQBlSsOGwAAAGVJREFUeNrtwTEBAAAAwqD1T20Gf6AAAAAAAAAAAAAAAAAAAAAAAAAAAAAAAAAAAAAAAAAAAAAAAAAAAAAAAAAAAAAAAAAAAAAAAAAAAAAAAAAAAAAAAAAAAAAAAAAAAAAAAAB4DDuvAAF2A3fYAAAAAElFTkSuQmCC\" alt=\"\" width=\"800\" height=\"800\" data-pk- data-ls- data-pk-src=\"https:\/\/www.europesays.com\/fr\/wp-content\/uploads\/2025\/11\/SecoursPopulaire-1080x1080px-scaled-1-800x800.jpg\" data-pk-\/><\/p>\n<p>Kaky (pop)<br \/>Le 5 d\u00e9cembre 2025 au Grand Mix<\/p>\n<p class=\"mb-10 text-30 lg:text-50 font-bold mt-12\"><strong>Dans son monde, Kaky a fait de la musique un rem\u00e8de \u00e0 toutes les temp\u00eates, et une safe place o\u00f9 lib\u00e9rer ses \u00e9motions, sans pudeur.<\/strong> Depuis ses d\u00e9buts avec \u00ab\u00a0La t\u00eate pleine\u00a0\u00bb, premier single sorti en 2020, l\u2019auteur-compositeur s\u2019est fait une place dans le paysage pop fran\u00e7ais en faisant de sa musique le reflet de ses \u00e9motions. Premi\u00e8re partie : Leon XX (electro pop)<\/p>\n<\/p>\n<p>UTO (trip hop)<br \/>Le 11 d\u00e9cembre 2025 au Grand Mix<\/p>\n<p class=\"node-artiste-titre\"><strong>UTO, c\u2019est le nom d\u2019un chien qu\u2019Emile et Neysa ont suivi dans un bois, \u00e0 l\u2019automne 2016, avant de s\u2019y perdre, et qui a inspir\u00e9 le nom du duo. <\/strong>Pop de la nuit et trip-hop du jour, le duo parisien manie aussi bien les codes de l\u2019efficacit\u00e9 que ceux de l\u2019exp\u00e9rimentation. Premi\u00e8re partie : Getdown services (indie rock \u2013 UK)<\/p><\/p>\n","protected":false},"excerpt":{"rendered":"Concerts en d\u00e9cembre 2025 \u2013 Ho Ho Ho\u2026 \ud83c\udf85\ud83c\udffc Salut les lutins ! J-24 avant l\u2019arriv\u00e9e du vieux&hellip;\n","protected":false},"author":2,"featured_media":569655,"comment_status":"","ping_status":"","sticky":false,"template":"","format":"standard","meta":{"footnotes":""},"categories":[2815],"tags":[1111,11,1777,674,1011,27,811,1307,12,25],"class_list":{"0":"post-569654","1":"post","2":"type-post","3":"status-publish","4":"format-standard","5":"has-post-thumbnail","7":"category-lille","8":"tag-actu","9":"tag-actualites","10":"tag-eu","11":"tag-europe","12":"tag-fr","13":"tag-france","14":"tag-hauts-de-france","15":"tag-lille","16":"tag-news","17":"tag-republique-francaise"},"share_on_mastodon":{"url":"https:\/\/pubeurope.com\/@fr\/115640720812149213","error":""},"_links":{"self":[{"href":"https:\/\/www.europesays.com\/fr\/wp-json\/wp\/v2\/posts\/569654","targetHints":{"allow":["GET"]}}],"collection":[{"href":"https:\/\/www.europesays.com\/fr\/wp-json\/wp\/v2\/posts"}],"about":[{"href":"https:\/\/www.europesays.com\/fr\/wp-json\/wp\/v2\/types\/post"}],"author":[{"embeddable":true,"href":"https:\/\/www.europesays.com\/fr\/wp-json\/wp\/v2\/users\/2"}],"replies":[{"embeddable":true,"href":"https:\/\/www.europesays.com\/fr\/wp-json\/wp\/v2\/comments?post=569654"}],"version-history":[{"count":0,"href":"https:\/\/www.europesays.com\/fr\/wp-json\/wp\/v2\/posts\/569654\/revisions"}],"wp:featuredmedia":[{"embeddable":true,"href":"https:\/\/www.europesays.com\/fr\/wp-json\/wp\/v2\/media\/569655"}],"wp:attachment":[{"href":"https:\/\/www.europesays.com\/fr\/wp-json\/wp\/v2\/media?parent=569654"}],"wp:term":[{"taxonomy":"category","embeddable":true,"href":"https:\/\/www.europesays.com\/fr\/wp-json\/wp\/v2\/categories?post=569654"},{"taxonomy":"post_tag","embeddable":true,"href":"https:\/\/www.europesays.com\/fr\/wp-json\/wp\/v2\/tags?post=569654"}],"curies":[{"name":"wp","href":"https:\/\/api.w.org\/{rel}","templated":true}]}}