{"id":569657,"date":"2025-11-30T21:16:37","date_gmt":"2025-11-30T21:16:37","guid":{"rendered":"https:\/\/www.europesays.com\/fr\/569657\/"},"modified":"2025-11-30T21:16:37","modified_gmt":"2025-11-30T21:16:37","slug":"de-la-transe-libanaise-de-sanam-au-groove-datlanta-lultime-jest-de-lami-a-marseille","status":"publish","type":"post","link":"https:\/\/www.europesays.com\/fr\/569657\/","title":{"rendered":"De la transe libanaise de Sanam au groove d&rsquo;Atlanta, l&rsquo;ultime Jest de l&rsquo;Ami \u00e0 Marseille"},"content":{"rendered":"<p>Jeudi soir au Petit Cab de La Friche, <a href=\"https:\/\/www.laprovence.com\/article\/culture-loisirs\/6605924019828814\/jest-un-festival-pour-la-beaute-du-geste-musical-a-marseille\" target=\"_blank\" rel=\"noopener\">le festival Jest (Jamais d\u2019eux sans toi)<\/a>, curieux et aventureux, se tournait vers le rock et le Liban. Le tout jeune duo marseillais Duomobile (une cr\u00e9ation Be On, c\u2019est-\u00e0-dire issue du programme d\u2019accompagnement de la sc\u00e8ne locale par l\u2019Ami) ouvrait le champ vers un univers \u00e0 la lisi\u00e8re du trip-hop aux textes en arabe. Des croisements musicaux qui font le sel du groupe qui suivait, Sanam, une formation libanaise de cinq musiciens et une chanteuse, \u00e0 la transe rock et exp\u00e9rimentale, comme un feu int\u00e9rieur attis\u00e9 par le souffle oriental.<\/p>\n<p>Ma\u00eetrisant leur fusion qui gronde \u00e0 la fois d\u2019une rage contenue et d\u2019un noir lumineux, les chamanes originaires de Beyrouth, et d\u00e9sormais install\u00e9s en Italie, ont ainsi plong\u00e9 le public dans leur musique affranchie, qui se situe quelque part entre la po\u00e9sie arabe, le free rock, le trip-hop, le psych\u00e9 et l\u2019exp\u00e9rimentation \u00e9lectronique. Un envo\u00fbtement aux d\u00e9flagrations de guitare et percussions tribales, accentu\u00e9 par le chant de Sandy Chamoun, grave et profond, qui rappelle les crises et les cris \u00e9touff\u00e9s du peuple libanais. Une performance \u00e0 la fois introspective et lib\u00e9ratrice.<\/p>\n<p>La rencontre de la house d\u2019Atlanta et du jazz<\/p>\n<p>Le festival se poursuit ce samedi 29\u00a0novembre toujours au Petit Cab avec une programmation en trois temps. Ganagobie est le nouveau projet de la batteuse improvisatrice Blanche Lafuente, n\u00e9e \u00e0 Marseille et pass\u00e9e par le conservatoire en classe de jazz. Elle s\u2019associe l\u00e0 \u00e0 Jo Ke\u00efta, chanteur et compositeur s\u00e9n\u00e9galais, et \u00e0 Jean Renucci, cr\u00e9ateur de textures \u00e9lectroniques. Les musiciens entreront en dialogue avec la danse de Clotilde Penet (krump) et Elarif Hassani (popping) pour une exp\u00e9rience faite de rythmes, de voix et de corps en vibration.<\/p>\n<p>Autre r\u00e9sonance, celle de la house d\u2019Atlanta de Stefan Ringer avec le jazz avant-gardiste du saxophoniste et producteur Marquinn Mason. Du groove organique et des exp\u00e9rimentations \u00e9lectroniques qui devraient fonctionner au diapason. D\u2019autant que les deux musiciens sont des r\u00e9f\u00e9rences dans leur domaine. Enfin, il reviendra \u00e0 <a href=\"https:\/\/laprovence.com\/article\/sortie-loisirs\/6533950525095115\/marseille-festival-le-bon-air-lelectro-libre\" target=\"_blank\" rel=\"noopener\">Goldie B, cofondatrice du label Omakase<\/a> et bas\u00e9e \u00e0 Marseille, de clore ce 5e Jest, avec ses s\u00e9lections entre bass, jungle et breakbeat.<\/p>\n<p>Samedi 29 novembre \u00e0 20h30 au Petit Cab, \u00e0 La Friche la Belle-de-Mai, 41 rue Jobin (3e). Tarif plein 12\u20ac,\u00a0 r\u00e9duit 10\u20ac. lejest.fr<\/p>\n","protected":false},"excerpt":{"rendered":"Jeudi soir au Petit Cab de La Friche, le festival Jest (Jamais d\u2019eux sans toi), curieux et aventureux,&hellip;\n","protected":false},"author":2,"featured_media":569658,"comment_status":"","ping_status":"","sticky":false,"template":"","format":"standard","meta":{"footnotes":""},"categories":[2814],"tags":[17,1111,11,251,68501,1777,674,1011,27,68500,65951,68502,68498,884,12,882,25,68499,31066],"class_list":{"0":"post-569657","1":"post","2":"type-post","3":"status-publish","4":"format-standard","5":"has-post-thumbnail","7":"category-marseille","8":"tag-17","9":"tag-actu","10":"tag-actualites","11":"tag-culture","12":"tag-datlanta","13":"tag-eu","14":"tag-europe","15":"tag-fr","16":"tag-france","17":"tag-groove","18":"tag-jest","19":"tag-lultime","20":"tag-libanaise","21":"tag-marseille","22":"tag-news","23":"tag-provence-alpes-cote-dazur","24":"tag-republique-francaise","25":"tag-sanam","26":"tag-transe"},"share_on_mastodon":{"url":"https:\/\/pubeurope.com\/@fr\/115640728694912239","error":""},"_links":{"self":[{"href":"https:\/\/www.europesays.com\/fr\/wp-json\/wp\/v2\/posts\/569657","targetHints":{"allow":["GET"]}}],"collection":[{"href":"https:\/\/www.europesays.com\/fr\/wp-json\/wp\/v2\/posts"}],"about":[{"href":"https:\/\/www.europesays.com\/fr\/wp-json\/wp\/v2\/types\/post"}],"author":[{"embeddable":true,"href":"https:\/\/www.europesays.com\/fr\/wp-json\/wp\/v2\/users\/2"}],"replies":[{"embeddable":true,"href":"https:\/\/www.europesays.com\/fr\/wp-json\/wp\/v2\/comments?post=569657"}],"version-history":[{"count":0,"href":"https:\/\/www.europesays.com\/fr\/wp-json\/wp\/v2\/posts\/569657\/revisions"}],"wp:featuredmedia":[{"embeddable":true,"href":"https:\/\/www.europesays.com\/fr\/wp-json\/wp\/v2\/media\/569658"}],"wp:attachment":[{"href":"https:\/\/www.europesays.com\/fr\/wp-json\/wp\/v2\/media?parent=569657"}],"wp:term":[{"taxonomy":"category","embeddable":true,"href":"https:\/\/www.europesays.com\/fr\/wp-json\/wp\/v2\/categories?post=569657"},{"taxonomy":"post_tag","embeddable":true,"href":"https:\/\/www.europesays.com\/fr\/wp-json\/wp\/v2\/tags?post=569657"}],"curies":[{"name":"wp","href":"https:\/\/api.w.org\/{rel}","templated":true}]}}