{"id":569659,"date":"2025-11-30T21:17:13","date_gmt":"2025-11-30T21:17:13","guid":{"rendered":"https:\/\/www.europesays.com\/fr\/569659\/"},"modified":"2025-11-30T21:17:13","modified_gmt":"2025-11-30T21:17:13","slug":"un-creve-coeur-jo-wilfried-tsonga-revient-sur-la-fin-de-lopen-13-a-marseille","status":"publish","type":"post","link":"https:\/\/www.europesays.com\/fr\/569659\/","title":{"rendered":"\u00ab\u00a0Un cr\u00e8ve-c\u0153ur\u00a0\u00bb, Jo-Wilfried Tsonga revient sur la fin de l&rsquo;Open 13 \u00e0 Marseille"},"content":{"rendered":"<p>Au moment de lui faire remarquer qu&rsquo;il restera \u00e0 jamais, en compagnie du Suisse Marc Rosset, le tennisman le plus titr\u00e9 de l&rsquo;histoire de l&rsquo;Open 13 avec trois sacres (2009, 2013, 2017), <a href=\"https:\/\/www.laprovence.com\/article\/sports\/6636649\/.html\" target=\"_blank\" rel=\"noopener\">Jo-Wilfried Tsonga<\/a> a d\u00e9menti avec le sourire toute intention \u00e9gotique dans son choix.<\/p>\n<p>Symboliquement, le co-recordman de victoires \u00e0 Marseille restera donc celui qui a \u00e9galement mis fin \u00e0 l&rsquo;aventure Open 13 apr\u00e8s une fabuleuse histoire de 32\u00a0ans. Devenu actionnaire principal, via la holding Pampelonne Organisation, de la comp\u00e9tition en\u00a02023 apr\u00e8s avoir rachet\u00e9 les parts de son fondateur Jean-Fran\u00e7ois Caujolle (qui en \u00e9tait rest\u00e9 le directeur, Ndlr), <a href=\"https:\/\/www.laprovence.com\/article\/sports\/62866210366510\/tennis-lopen-13-provence-quitte-marseille-et-sinstalle-a-lyon\" target=\"_blank\" rel=\"noopener\">le Manceau a finalement d\u00e9cid\u00e9 avec ses partenaires de d\u00e9localiser l&rsquo;\u00e9v\u00e9nement \u00e0 Lyon.<\/a><\/p>\n<p>\u00ab\u00a0La d\u00e9cision \u00e9tait \u00e9vidente\u00a0\u00bb<\/p>\n<p>Si la d\u00e9cision, annonc\u00e9e le 29\u00a0ao\u00fbt dernier, <a href=\"https:\/\/www.laprovence.com\/article\/sports\/53661642940904\/tennis-de-fevrier-a-octobre-lopen-13-a-marseille-changera-de-date-en-2026\" target=\"_blank\" rel=\"noopener\">\u00e9tait loin d&rsquo;\u00eatre une surprise, la rumeur de ce d\u00e9m\u00e9nagement circulant depuis de nombreux mois d\u00e9j\u00e0,<\/a> elle a malgr\u00e9 tout suscit\u00e9 la pol\u00e9mique, notamment chez les \u00e9lus locaux. Un choix d&rsquo;autant plus mal compris \u00e0 l&rsquo;\u00e9poque, qu&rsquo;il n&rsquo;avait \u00e9t\u00e9 expliqu\u00e9 que par l&rsquo;interm\u00e9diaire d&rsquo;un communiqu\u00e9 lapidaire. Un peu court pour une manifestation qui a marqu\u00e9 de son empreinte le paysage sportif marseillais depuis\u00a0&#8230;<\/p>\n","protected":false},"excerpt":{"rendered":"Au moment de lui faire remarquer qu&rsquo;il restera \u00e0 jamais, en compagnie du Suisse Marc Rosset, le tennisman&hellip;\n","protected":false},"author":2,"featured_media":569660,"comment_status":"","ping_status":"","sticky":false,"template":"","format":"standard","meta":{"footnotes":""},"categories":[2814],"tags":[17,1111,11,68503,1777,674,1011,27,68504,884,12,882,25,14173,60,3356,1467,14828,9066],"class_list":{"0":"post-569659","1":"post","2":"type-post","3":"status-publish","4":"format-standard","5":"has-post-thumbnail","7":"category-marseille","8":"tag-17","9":"tag-actu","10":"tag-actualites","11":"tag-creve-coeur","12":"tag-eu","13":"tag-europe","14":"tag-fr","15":"tag-france","16":"tag-jo-wilfried","17":"tag-marseille","18":"tag-news","19":"tag-provence-alpes-cote-dazur","20":"tag-republique-francaise","21":"tag-revient","22":"tag-sports","23":"tag-sur","24":"tag-tennis","25":"tag-tsonga","26":"tag-un"},"share_on_mastodon":{"url":"https:\/\/pubeurope.com\/@fr\/115640732559650968","error":""},"_links":{"self":[{"href":"https:\/\/www.europesays.com\/fr\/wp-json\/wp\/v2\/posts\/569659","targetHints":{"allow":["GET"]}}],"collection":[{"href":"https:\/\/www.europesays.com\/fr\/wp-json\/wp\/v2\/posts"}],"about":[{"href":"https:\/\/www.europesays.com\/fr\/wp-json\/wp\/v2\/types\/post"}],"author":[{"embeddable":true,"href":"https:\/\/www.europesays.com\/fr\/wp-json\/wp\/v2\/users\/2"}],"replies":[{"embeddable":true,"href":"https:\/\/www.europesays.com\/fr\/wp-json\/wp\/v2\/comments?post=569659"}],"version-history":[{"count":0,"href":"https:\/\/www.europesays.com\/fr\/wp-json\/wp\/v2\/posts\/569659\/revisions"}],"wp:featuredmedia":[{"embeddable":true,"href":"https:\/\/www.europesays.com\/fr\/wp-json\/wp\/v2\/media\/569660"}],"wp:attachment":[{"href":"https:\/\/www.europesays.com\/fr\/wp-json\/wp\/v2\/media?parent=569659"}],"wp:term":[{"taxonomy":"category","embeddable":true,"href":"https:\/\/www.europesays.com\/fr\/wp-json\/wp\/v2\/categories?post=569659"},{"taxonomy":"post_tag","embeddable":true,"href":"https:\/\/www.europesays.com\/fr\/wp-json\/wp\/v2\/tags?post=569659"}],"curies":[{"name":"wp","href":"https:\/\/api.w.org\/{rel}","templated":true}]}}