{"id":569661,"date":"2025-11-30T21:18:17","date_gmt":"2025-11-30T21:18:17","guid":{"rendered":"https:\/\/www.europesays.com\/fr\/569661\/"},"modified":"2025-11-30T21:18:17","modified_gmt":"2025-11-30T21:18:17","slug":"lyon-apres-10-ans-de-bataille-ils-obtiennent-que-leur-parking-ne-soit-plus-accessible-aux-non-residents","status":"publish","type":"post","link":"https:\/\/www.europesays.com\/fr\/569661\/","title":{"rendered":"Lyon. Apr\u00e8s 10 ans de bataille, ils obtiennent que leur parking ne soit plus accessible aux non-r\u00e9sidents"},"content":{"rendered":"<p>Un parking d\u00e9di\u00e9 \u00e0 des logements qui se voit d\u00e9sormais ferm\u00e9 aux utilisateurs ext\u00e9rieurs, c\u2019est d\u00e9sormais chose courante \u00e0 Lyon. Pourtant, c\u2019est ce que viennent d\u2019obtenir les locataires d\u2019une r\u00e9sidence, rue Auguste-Chollat, propri\u00e9t\u00e9 du bailleur social, ICF Habitat.<\/p>\n<p>Une issue positive qui arrive apr\u00e8s presque 10 ans de \u00ab bataille \u00bb avec les services de leur bailleur. C\u2019est donc un grand soulagement pour ces riverains qui sont rest\u00e9s&#8230;<\/p>\n","protected":false},"excerpt":{"rendered":"Un parking d\u00e9di\u00e9 \u00e0 des logements qui se voit d\u00e9sormais ferm\u00e9 aux utilisateurs ext\u00e9rieurs, c\u2019est d\u00e9sormais chose courante&hellip;\n","protected":false},"author":2,"featured_media":569662,"comment_status":"","ping_status":"","sticky":false,"template":"","format":"standard","meta":{"footnotes":""},"categories":[1889],"tags":[1111,11,2430,33,2757,1777,674,1011,27,1116,1908,2428,9744,9743,12,25,2429,3151,104,2803],"class_list":{"0":"post-569661","1":"post","2":"type-post","3":"status-publish","4":"format-standard","5":"has-post-thumbnail","7":"category-lyon","8":"tag-actu","9":"tag-actualites","10":"tag-auvergne-rhone-alpes","11":"tag-economie","12":"tag-edition-lyon-villeurbanne","13":"tag-eu","14":"tag-europe","15":"tag-fr","16":"tag-france","17":"tag-immobilier","18":"tag-logement","19":"tag-lyon","20":"tag-lyon-8e","21":"tag-lyon-8e-arrondissement","22":"tag-news","23":"tag-republique-francaise","24":"tag-rhone","25":"tag-selection-de-la-redaction-69","26":"tag-societe","27":"tag-transport"},"share_on_mastodon":{"url":"https:\/\/pubeurope.com\/@fr\/115640736535712833","error":""},"_links":{"self":[{"href":"https:\/\/www.europesays.com\/fr\/wp-json\/wp\/v2\/posts\/569661","targetHints":{"allow":["GET"]}}],"collection":[{"href":"https:\/\/www.europesays.com\/fr\/wp-json\/wp\/v2\/posts"}],"about":[{"href":"https:\/\/www.europesays.com\/fr\/wp-json\/wp\/v2\/types\/post"}],"author":[{"embeddable":true,"href":"https:\/\/www.europesays.com\/fr\/wp-json\/wp\/v2\/users\/2"}],"replies":[{"embeddable":true,"href":"https:\/\/www.europesays.com\/fr\/wp-json\/wp\/v2\/comments?post=569661"}],"version-history":[{"count":0,"href":"https:\/\/www.europesays.com\/fr\/wp-json\/wp\/v2\/posts\/569661\/revisions"}],"wp:featuredmedia":[{"embeddable":true,"href":"https:\/\/www.europesays.com\/fr\/wp-json\/wp\/v2\/media\/569662"}],"wp:attachment":[{"href":"https:\/\/www.europesays.com\/fr\/wp-json\/wp\/v2\/media?parent=569661"}],"wp:term":[{"taxonomy":"category","embeddable":true,"href":"https:\/\/www.europesays.com\/fr\/wp-json\/wp\/v2\/categories?post=569661"},{"taxonomy":"post_tag","embeddable":true,"href":"https:\/\/www.europesays.com\/fr\/wp-json\/wp\/v2\/tags?post=569661"}],"curies":[{"name":"wp","href":"https:\/\/api.w.org\/{rel}","templated":true}]}}