{"id":569667,"date":"2025-11-30T21:22:16","date_gmt":"2025-11-30T21:22:16","guid":{"rendered":"https:\/\/www.europesays.com\/fr\/569667\/"},"modified":"2025-11-30T21:22:16","modified_gmt":"2025-11-30T21:22:16","slug":"berangere-fagart-passee-par-top-chef-annonce-la-fermeture-de-son-restaurant-selune","status":"publish","type":"post","link":"https:\/\/www.europesays.com\/fr\/569667\/","title":{"rendered":"B\u00e9rang\u00e8re Fagart, pass\u00e9e par Top Chef, annonce la fermeture de son restaurant S\u00e9lune"},"content":{"rendered":"<p>                    Par<br \/>\n        <strong><br \/>\n            <a href=\"https:\/\/actu.fr\/auteur\/thomas-martin\" title=\"Consulter tous les articles de Thomas Martin\" target=\"_blank\" rel=\"noopener\">Thomas Martin<\/a><br \/>\n                    <\/strong><\/p>\n<p>        Publi\u00e9 le<\/p>\n<p>            30 nov. 2025 \u00e0 17h53        <\/p>\n<p>Le <a href=\"https:\/\/actu.fr\/tag\/restaurant\" target=\"_blank\" rel=\"noopener\">restaurant<\/a> S\u00e9lune, dirig\u00e9 par la cheffe engag\u00e9e <strong>B\u00e9rang\u00e8re Fagart<\/strong>, a d\u00e9finitivement ferm\u00e9 ses portes le 7 novembre 2025. C\u2019est ce qu\u2019elle a annonc\u00e9 ce jour sur son compte Facebook : \u00ab Il est temps pour nous de vous dire au revoir. \u00bb Ferm\u00e9e depuis, la table situ\u00e9e dans le 11e arrondissement de la capitale cl\u00f4t un chapitre entam\u00e9 en 2019.<\/p>\n<p>Gr\u00e8ve RATP et crise sanitaire<\/p>\n<p class=\" wall-content\">L\u2019arriv\u00e9e de S\u00e9lune, fin 2019, avait \u00e9t\u00e9 salu\u00e9e comme une promesse audacieuse. Mais le destin ne fut pas tendre : \u00ab\u00a0L\u2019ouverture fut c\u00e9l\u00e9br\u00e9e par une gr\u00e8ve RATP remarquable puis par l\u2019encha\u00eenement tr\u00e8s rapide de deux p\u00e9riodes de fermeture d\u00fb au Covid\u00a0\u00bb, rappelle la cheffe, candidate de la saison 14 de <a href=\"https:\/\/actu.fr\/normandie\/jullouville_50066\/television-top-chef-2023-originaire-de-la-manche-berangere-fagart-deja-eliminee_57762212.html\" target=\"_blank\" rel=\"noopener\">Top Chef<\/a>. Celle-ci resta, malgr\u00e9 tout, \u00ab debout, r\u00e9siliante\u00bb, comme elle l\u2019\u00e9crit dans son message d\u2019adieu.\u00a0<\/p>\n<p class=\" wall-content\">B\u00e9rang\u00e8re Fagart n\u2019\u00e9tait pas une cheffe comme les autres. Autodidacte \u2014 ancienne mime, pass\u00e9e par la musique \u00e9lectronique \u2014 elle s\u2019\u00e9tait lanc\u00e9e dans une aventure culinaire d\u00e9termin\u00e9e avec l\u2019objectif de rendre la gastronomie accessible, responsable, g\u00e9n\u00e9reuse.\u00a0 S\u00e9lune incarnait cette philosophie.<\/p>\n<p class=\" wall-content\">La cheffe militait aussi pour une restauration durable, respectueuse non seulement du produit mais de l\u2019humain.\u00a0<\/p>\n<p class=\" wall-content\">Dans son message, B\u00e9rang\u00e8re Fagart \u00e9voque le poids \u2014 physique, moral, financier \u2014 de six ann\u00e9es \u00e0 faire tourner un restaurant : la pression quotidienne, la course aux assiettes parfaites, le sacrifice d\u2019une vie personnelle.<\/p>\n<p>    <a href=\"https:\/\/www.facebook.com\/plugins\/post.php?href=https%3A%2F%2Fwww.facebook.com%2Fselunerestaurant%2Fposts%2Fpfbid029LP883DyrjsHUgoL3YxfrH3wJ1aDytKLtpqcniStzKsiuuQD85FxAqfw68GyZyVcl&amp;show_text=true&amp;width=350\" title=\"Ouvrie le lien\" target=\"_blank\" rel=\"noopener\">Cliquez ici pour visualiser le contenu<\/a><\/p>\n<p class=\" wall-content\">Elle parle de stress, de pression financi\u00e8re, de l\u2019\u00e9nergie requise \u2014 \u00ab toujours positive \u00bb. Et explique, qu\u2019il est temps de \u00ab se reposer \u00bb pour \u00ab reprendre des forces \u00bb. Tout en concluant : \u00ab\u00a0c\u2019est une d\u00e9cision bien r\u00e9fl\u00e9chie et joyeuse\u00a0\u00bb.\u00a0<\/p>\n<p class=\" wall-content\">Personnalisez votre actualit\u00e9 en ajoutant vos villes et m\u00e9dias en favori avec <a href=\"https:\/\/moncompte.actu.fr\" title=\"D\u00e9couvez Mon Actu\" rel=\"nofollow noopener\" data-trk=\"{&quot;cta&quot;:{&quot;action&quot;:&quot;https:\\\/\\\/moncompte.actu.fr&quot;,&quot;category&quot;:&quot;mon compte&quot;,&quot;from&quot;:&quot;article footer&quot;,&quot;name&quot;:&quot;Mon actu&quot;,&quot;type&quot;:&quot;cta&quot;}}\" target=\"_blank\">Mon Actu<\/a>.<\/p>\n","protected":false},"excerpt":{"rendered":"Par Thomas Martin Publi\u00e9 le 30 nov. 2025 \u00e0 17h53 Le restaurant S\u00e9lune, dirig\u00e9 par la cheffe engag\u00e9e&hellip;\n","protected":false},"author":2,"featured_media":569668,"comment_status":"","ping_status":"","sticky":false,"template":"","format":"standard","meta":{"footnotes":""},"categories":[1888],"tags":[1111,1928,11,1927,33,1777,674,1011,27,1661,12,1926,626,1925,25,1340,492],"class_list":{"0":"post-569667","1":"post","2":"type-post","3":"status-publish","4":"format-standard","5":"has-post-thumbnail","7":"category-paris","8":"tag-actu","9":"tag-actu-paris","10":"tag-actualites","11":"tag-actualites-paris","12":"tag-economie","13":"tag-eu","14":"tag-europe","15":"tag-fr","16":"tag-france","17":"tag-gastronomie","18":"tag-news","19":"tag-news-paris","20":"tag-paris","21":"tag-paris-news","22":"tag-republique-francaise","23":"tag-restaurant","24":"tag-top-chef"},"share_on_mastodon":{"url":"https:\/\/pubeurope.com\/@fr\/115640752168493035","error":""},"_links":{"self":[{"href":"https:\/\/www.europesays.com\/fr\/wp-json\/wp\/v2\/posts\/569667","targetHints":{"allow":["GET"]}}],"collection":[{"href":"https:\/\/www.europesays.com\/fr\/wp-json\/wp\/v2\/posts"}],"about":[{"href":"https:\/\/www.europesays.com\/fr\/wp-json\/wp\/v2\/types\/post"}],"author":[{"embeddable":true,"href":"https:\/\/www.europesays.com\/fr\/wp-json\/wp\/v2\/users\/2"}],"replies":[{"embeddable":true,"href":"https:\/\/www.europesays.com\/fr\/wp-json\/wp\/v2\/comments?post=569667"}],"version-history":[{"count":0,"href":"https:\/\/www.europesays.com\/fr\/wp-json\/wp\/v2\/posts\/569667\/revisions"}],"wp:featuredmedia":[{"embeddable":true,"href":"https:\/\/www.europesays.com\/fr\/wp-json\/wp\/v2\/media\/569668"}],"wp:attachment":[{"href":"https:\/\/www.europesays.com\/fr\/wp-json\/wp\/v2\/media?parent=569667"}],"wp:term":[{"taxonomy":"category","embeddable":true,"href":"https:\/\/www.europesays.com\/fr\/wp-json\/wp\/v2\/categories?post=569667"},{"taxonomy":"post_tag","embeddable":true,"href":"https:\/\/www.europesays.com\/fr\/wp-json\/wp\/v2\/tags?post=569667"}],"curies":[{"name":"wp","href":"https:\/\/api.w.org\/{rel}","templated":true}]}}