{"id":569669,"date":"2025-11-30T21:23:13","date_gmt":"2025-11-30T21:23:13","guid":{"rendered":"https:\/\/www.europesays.com\/fr\/569669\/"},"modified":"2025-11-30T21:23:13","modified_gmt":"2025-11-30T21:23:13","slug":"au-theatre-des-champs-elysees-dans-les-coulisses-du-robinson-crusoe-doffenbach","status":"publish","type":"post","link":"https:\/\/www.europesays.com\/fr\/569669\/","title":{"rendered":"Au\u00a0Th\u00e9\u00e2tre des Champs-Elys\u00e9es, dans les coulisses du \u00ab\u00a0Robinson Cruso\u00e9\u00a0\u00bb, d\u2019Offenbach"},"content":{"rendered":"<p>                     <img loading=\"lazy\" decoding=\"async\" src=\"https:\/\/www.europesays.com\/fr\/wp-content\/uploads\/2025\/11\/9f6c145_upload-1-oezsu2mqg6sj-20251125-051vp.jpg\" alt=\"Julie Fuchs (Edwige) et Ad\u00e8le Charvet (Vendredi) dans \u00ab\u00a0Robinson Cruso\u00e9\u00a0\u00bb, de Jacques Offenbach, mis en sc\u00e8ne par Laurent Pelly, au Th\u00e9\u00e2tre des Champs-Elys\u00e9es, \u00e0 Paris, le 25\u00a0novembre 2025.\"   width=\"664\" height=\"443\"\/>    Julie Fuchs (Edwige) et Ad\u00e8le Charvet (Vendredi) dans \u00ab\u00a0Robinson Cruso\u00e9\u00a0\u00bb, de Jacques Offenbach, mis en sc\u00e8ne par Laurent Pelly, au Th\u00e9\u00e2tre des Champs-Elys\u00e9es, \u00e0 Paris, le 25\u00a0novembre 2025.  VINCENT PONTET\/TCE                 <\/p>\n<p class=\"article__paragraph  \">1867. Charles Baudelaire vient de mourir, Alfred Nobel a d\u00e9pos\u00e9 le brevet de la dynamite, et un premier navire officiel a travers\u00e9 le canal de Suez lorsque Jacques Offenbach cr\u00e9\u00e9 Robinson Cruso\u00e9, le 23\u00a0novembre, sur la sc\u00e8ne de l\u2019Op\u00e9ra-Comique, \u00e0\u00a0Paris. Le compositeur franco-allemand (1819-1880) est alors un homme \u00e0 succ\u00e8s dont la derni\u00e8re op\u00e9rette, La\u00a0Grande-duchesse de G\u00e9rolstein, vient de triompher quelques mois plus t\u00f4t au Th\u00e9\u00e2tre des Vari\u00e9t\u00e9s. Mais il aspire, tel Robinson, \u00e0 d\u2019autres conqu\u00eates.<\/p>\n<p class=\"article__paragraph  \">Ne pouvant\u00a0accoster \u00e0 l\u2019Op\u00e9ra de Paris, o\u00f9 r\u00e8gne alors le grand op\u00e9ra \u00e0 la fran\u00e7aise de Meyerbeer, cap sur l\u2019Op\u00e9ra-Comique. Le lieu est enti\u00e8rement d\u00e9volu au genre lyrique, dont il tient son nom, typiquement fran\u00e7ais, qui m\u00eale chant et th\u00e9\u00e2tre parl\u00e9. \u00ab\u00a0Semi-romantique, semi-bouffe et semi-absurde, Robinson est un objet lyrique non identifi\u00e9, qui pr\u00e9figure sans le savoir la com\u00e9die musicale de Broadway\u00a0\u00bb, r\u00e9sume avec gourmandise le chef d\u2019orchestre Marc Minkowski en ce dimanche apr\u00e8s-midi pluvieux du 23\u00a0novembre.<\/p>\n<p class=\"article__paragraph  \">Ses Musiciens du Louvre ne sont pas encore l\u00e0, et c\u2019est la pianiste et cheffe de chant Edwige Herchenroder qui joue la partition dans la fosse du Th\u00e9\u00e2tre des Champs-Elys\u00e9es, o\u00f9 se d\u00e9rouleront, du<strong>\u00a0<\/strong>3<strong> <\/strong>au 14\u00a0d\u00e9cembre, les six\u00a0repr\u00e9sentations de Robinson Cruso\u00e9, mis en sc\u00e8ne par Laurent Pelly.<\/p>\n<p class=\"reading-mode-only \"><strong>Il vous reste 82.92% de cet article \u00e0 lire. La suite est r\u00e9serv\u00e9e aux abonn\u00e9s.<\/strong><\/p>\n","protected":false},"excerpt":{"rendered":"Julie Fuchs (Edwige) et Ad\u00e8le Charvet (Vendredi) dans \u00ab\u00a0Robinson Cruso\u00e9\u00a0\u00bb, de Jacques Offenbach, mis en sc\u00e8ne par Laurent&hellip;\n","protected":false},"author":2,"featured_media":569670,"comment_status":"","ping_status":"","sticky":false,"template":"","format":"standard","meta":{"footnotes":""},"categories":[1888],"tags":[1111,1928,11,1927,1777,674,1011,27,12,1926,626,1925,25],"class_list":{"0":"post-569669","1":"post","2":"type-post","3":"status-publish","4":"format-standard","5":"has-post-thumbnail","7":"category-paris","8":"tag-actu","9":"tag-actu-paris","10":"tag-actualites","11":"tag-actualites-paris","12":"tag-eu","13":"tag-europe","14":"tag-fr","15":"tag-france","16":"tag-news","17":"tag-news-paris","18":"tag-paris","19":"tag-paris-news","20":"tag-republique-francaise"},"share_on_mastodon":{"url":"https:\/\/pubeurope.com\/@fr\/115640757495838725","error":""},"_links":{"self":[{"href":"https:\/\/www.europesays.com\/fr\/wp-json\/wp\/v2\/posts\/569669","targetHints":{"allow":["GET"]}}],"collection":[{"href":"https:\/\/www.europesays.com\/fr\/wp-json\/wp\/v2\/posts"}],"about":[{"href":"https:\/\/www.europesays.com\/fr\/wp-json\/wp\/v2\/types\/post"}],"author":[{"embeddable":true,"href":"https:\/\/www.europesays.com\/fr\/wp-json\/wp\/v2\/users\/2"}],"replies":[{"embeddable":true,"href":"https:\/\/www.europesays.com\/fr\/wp-json\/wp\/v2\/comments?post=569669"}],"version-history":[{"count":0,"href":"https:\/\/www.europesays.com\/fr\/wp-json\/wp\/v2\/posts\/569669\/revisions"}],"wp:featuredmedia":[{"embeddable":true,"href":"https:\/\/www.europesays.com\/fr\/wp-json\/wp\/v2\/media\/569670"}],"wp:attachment":[{"href":"https:\/\/www.europesays.com\/fr\/wp-json\/wp\/v2\/media?parent=569669"}],"wp:term":[{"taxonomy":"category","embeddable":true,"href":"https:\/\/www.europesays.com\/fr\/wp-json\/wp\/v2\/categories?post=569669"},{"taxonomy":"post_tag","embeddable":true,"href":"https:\/\/www.europesays.com\/fr\/wp-json\/wp\/v2\/tags?post=569669"}],"curies":[{"name":"wp","href":"https:\/\/api.w.org\/{rel}","templated":true}]}}