{"id":569674,"date":"2025-11-30T21:27:17","date_gmt":"2025-11-30T21:27:17","guid":{"rendered":"https:\/\/www.europesays.com\/fr\/569674\/"},"modified":"2025-11-30T21:27:17","modified_gmt":"2025-11-30T21:27:17","slug":"partir-pour-la-russie-les-etats-unis-ont-propose-a-nicolas-maduro-de-fuir-le-venezuela","status":"publish","type":"post","link":"https:\/\/www.europesays.com\/fr\/569674\/","title":{"rendered":"\u00ab\u00a0Partir pour la Russie\u00a0\u00bb : les \u00c9tats-Unis ont propos\u00e9 \u00e0 Nicolas Maduro de fuir le Venezuela"},"content":{"rendered":"<ul class=\"jsx-862013697 ArticleChapo__List\">\n<li class=\"jsx-862013697 ArticleChapo__List_Item flex\">Un alli\u00e9 de Donald Trump a fait une r\u00e9v\u00e9lation, \u00e0 un moment de tr\u00e8s grandes tensions entre Washington et Caracas, sur fond de guerre contre le narcotrafic.<\/li>\n<li class=\"jsx-862013697 ArticleChapo__List_Item flex\">Markwayne Mullin, s\u00e9nateur r\u00e9publicain de l&rsquo;Oklahoma, a assur\u00e9, dimanche 30 novembre, que Nicolas Maduro s&rsquo;est vu proposer de fuir le Venezuela.<\/li>\n<\/ul>\n<p><a href=\"https:\/\/www.tf1info.fr\/actualite\/etats-unis-election-presidentielle-americaine-2024-donald-trump-vs-kamala-harris-13534\/\" rel=\"noopener\" class=\"jsx-484472199 Link jsx-1428418400 jsx-554215408\" target=\"_blank\"><\/p>\n<p style=\"font-weight:400\" class=\"jsx-1837267516\">Suivez la couverture compl\u00e8te<\/p>\n<p style=\"font-weight:800\" class=\"jsx-1837267516\">Le second mandat de Donald Trump<\/p>\n<p><\/a><\/p>\n<p data-module=\"article-paragraph\" class=\"jsx-3046738180 Paragraph\">Donald Trump pr\u00e9pare-t-il d\u00e9j\u00e0 l&rsquo;apr\u00e8s-Maduro au Venezuela ? C&rsquo;est ce qu&rsquo;a r\u00e9v\u00e9l\u00e9 sur <a href=\"https:\/\/edition.cnn.com\/2025\/11\/30\/world\/video\/venezuela-honduran-president-pardon-trump-mullin-vrtc-digvid\" target=\"_blank\" rel=\"noopener\">CNN (nouvelle fen\u00eatre)<\/a> Markwayne Mullin, s\u00e9nateur r\u00e9publicain de l&rsquo;Oklahoma. <a href=\"https:\/\/www.tf1info.fr\/international\/etats-unis-donald-trump-ferme-l-espace-aerien-du-venezuela-caracas-condamne-une-menace-colonialiste-nicolas-maduro-2409768.html\" target=\"_blank\" rel=\"noopener\">En guerre contre le narcotrafic<\/a>, le locataire de la Maison Blanche accusant Caracas d&rsquo;<a href=\"https:\/\/www.tf1info.fr\/international\/verif-donald-trump-met-le-venezuela-sous-pression-que-pese-vraiment-ce-pays-dans-le-trafic-de-drogue-mondial-2401243.html\" target=\"_blank\" rel=\"noopener\">\u00eatre une \u00ab\u00a0narco-dictature\u00a0\u00bb<\/a> qui inonde en drogues le march\u00e9 am\u00e9ricain, Washington a propos\u00e9 un d\u00e9part n\u00e9goci\u00e9 au dirigeant chaviste Nicolas Maduro.\u00a0<\/p>\n<p data-module=\"article-paragraph\" class=\"jsx-3046738180 Paragraph Paragraph__End\">\u00ab\u00a0Soit dit en passant, nous avons donn\u00e9 \u00e0 Maduro une opportunit\u00e9 de partir\u00a0\u00bb, a assur\u00e9 <a href=\"https:\/\/www.tf1info.fr\/international\/video-etats-unis-leve-ton-cul-le-senateur-pro-trump-markwayne-mullin-et-syndicaliste-ont-failli-en-venir-aux-mains-en-pleine-audience-au-congres-2276291.html\" target=\"_blank\" rel=\"noopener\">le s\u00e9nateur pro-Trump<\/a>, dimanche 30 novembre. \u00ab\u00a0Nous lui avons dit qu&rsquo;il pouvait partir pour la Russie ou dans un autre pays.\u00a0\u00bb<\/p>\n<p data-module=\"article-paragraph\" class=\"jsx-3046738180 Paragraph Paragraph__End\">Cette d\u00e9claration intervient \u00e0 <a href=\"https:\/\/www.tf1info.fr\/international\/video-trump-pret-a-entrer-en-guerre-contre-le-venezuela-il-se-departit-de-toute-loi-de-toute-regle-2403070.html\" target=\"_blank\" rel=\"noopener\">un moment de tr\u00e8s grandes tensions<\/a> entre les \u00c9tats-Unis et le Venezuela. Donald Trump a ordonn\u00e9 <a href=\"https:\/\/www.tf1info.fr\/international\/un-porte-avions-americain-est-arrive-au-large-de-l-amerique-latine-le-venezuela-denonce-l-imperialisme-des-etats-unis-2406095.html\" target=\"_blank\" rel=\"noopener\">un d\u00e9ploiement militaire<\/a> d&rsquo;ampleur dans la mer des Cara\u00efbes, apr\u00e8s avoir envoy\u00e9 dans la zone le plus grand porte-avions du monde. Il est m\u00eame all\u00e9 jusqu&rsquo;\u00e0 <a href=\"https:\/\/www.tf1info.fr\/international\/etats-unis-donald-trump-ferme-l-espace-aerien-du-venezuela-caracas-condamne-une-menace-colonialiste-nicolas-maduro-2409768.html\" target=\"_blank\" rel=\"noopener\">consid\u00e9rer l&rsquo;espace a\u00e9rien de Caracas comme \u00ab\u00a0totalement ferm\u00e9\u00a0\u00bb<\/a>.<\/p>\n<blockquote class=\"jsx-2786790838 Quote__Text\"><p>La Turquie et l&rsquo;Iran sont charmants \u00e0 cette p\u00e9riode de l&rsquo;ann\u00e9e&#8230;<\/p><\/blockquote>\n<p>Lindsey Graham, s\u00e9nateur r\u00e9publicain et proche alli\u00e9 de Trump<\/p>\n<p data-module=\"article-paragraph\" class=\"jsx-3046738180 Paragraph\">Des op\u00e9rations que le pr\u00e9sident am\u00e9ricain justifie en accusant Nicolas Maduro de diriger <a href=\"https:\/\/www.tf1info.fr\/international\/tensions-etats-unis-venezuela-donald-trump-promet-de-descendre-les-avions-militaires-nicolas-maduro-calme-le-jeu-2392993.html\" target=\"_blank\" rel=\"noopener\">le suppos\u00e9 \u00ab\u00a0Cartel de los Soles\u00a0\u00bb<\/a>, une organisation class\u00e9e \u00ab\u00a0terroriste\u00a0\u00bb par Washington dont l&rsquo;existence reste \u00e0 d\u00e9montrer selon de nombreux experts. Ce que d\u00e9ment <a href=\"https:\/\/www.tf1info.fr\/international\/video-qui-est-nicolas-maduro-le-president-conteste-du-venezuela-2060097.html\" target=\"_blank\" rel=\"noopener\">l&rsquo;h\u00e9ritier politique d&rsquo;Hugo Chavez<\/a>, au pouvoir depuis 2013 et <a href=\"https:\/\/www.tf1info.fr\/international\/venezuela-le-tres-conteste-president-nicolas-maduro-investi-pour-un-troisieme-mandat-2344157.html\" target=\"_blank\" rel=\"noopener\">r\u00e9\u00e9lu en 2024 \u00e0 l&rsquo;issue d&rsquo;un scrutin contest\u00e9<\/a>, marqu\u00e9 par des troubles et des vagues d&rsquo;arrestations. Il accuse Washington d&rsquo;utiliser un pr\u00e9texte fallacieux pour le renverser, provoquer un changement de r\u00e9gime et s&#8217;emparer des r\u00e9serves de p\u00e9trole du Venezuela.<\/p>\n<p data-module=\"article-paragraph\" class=\"jsx-3046738180 Paragraph Paragraph__End\">\u00ab\u00a0Le peuple v\u00e9n\u00e9zu\u00e9lien lui-m\u00eame s&rsquo;est exprim\u00e9 et a dit qu&rsquo;il voulait un nouveau dirigeant et restaurer le Venezuela en tant que pays\u00a0\u00bb, lui a r\u00e9pondu le s\u00e9nateur Mullin.\u00a0<\/p>\n<p><a href=\"https:\/\/www.tf1info.fr\/international\/verif-donald-trump-met-le-venezuela-sous-pression-que-pese-vraiment-ce-pays-dans-le-trafic-de-drogue-mondial-2401243.html\" rel=\"noopener\" class=\"jsx-3308031228 Link flex\" target=\"_blank\"><img decoding=\"async\" src=\"https:\/\/www.europesays.com\/fr\/wp-content\/uploads\/2025\/11\/verif-nicolas-maduro-venezuela-4bb0cd-0@1x.jpeg\" alt=\"Le pr\u00e9sident v\u00e9n\u00e9zu\u00e9lien Nicolas Maduro s'exprime lors d'une marche organis\u00e9e pour comm\u00e9morer la &quot;Journ\u00e9e de la r\u00e9sistance indig\u00e8ne&quot; \u00e0 Caracas, le 12 octobre 2025. \" loading=\"lazy\" importance=\"low\" fetchpriority=\"low\" class=\"\" aria-hidden=\"true\"\/><\/p>\n<p class=\"jsx-3657663356 ReadMoreArticle__Title\">Lire aussi<\/p>\n<p class=\"jsx-3657663356\">V\u00c9RIF&rsquo; &#8211; Trump met le Venezuela sous pression : que p\u00e8se vraiment ce pays dans le trafic de drogue mondial ?<\/p>\n<p><\/a><\/p>\n<p data-module=\"article-paragraph\" class=\"jsx-3046738180 Paragraph\">La veille d\u00e9j\u00e0, Lindsey Graham, un autre s\u00e9nateur issu du camp Trump, avait envisag\u00e9 ouvertement un changement de r\u00e9gime. \u00ab\u00a0Depuis plus d&rsquo;une d\u00e9cennie, Maduro contr\u00f4le un \u00c9tat narco-terroriste qui empoisonne l&rsquo;Am\u00e9rique\u00a0\u00bb, avait-il d\u00e9nonc\u00e9 sur X, en le qualifiant de \u00ab\u00a0dirigeant ill\u00e9gitime\u00a0\u00bb.<\/p>\n<p data-module=\"article-paragraph\" class=\"jsx-3046738180 Paragraph Paragraph__End\">\u00ab\u00a0L&rsquo;engagement ferme du pr\u00e9sident Trump \u00e0 mettre fin \u00e0 cette folie au Venezuela sauvera d&rsquo;innombrables vies am\u00e9ricaines et donnera aux chers habitants du Venezuela une nouvelle chance dans la vie\u00a0\u00bb, avait-il poursuivi, jusqu&rsquo;\u00e0 pousser Nicolas Maduro \u00e0 l&rsquo;exil. \u00ab\u00a0J&rsquo;entends dire que la Turquie et l&rsquo;Iran sont charmants \u00e0 cette p\u00e9riode de l&rsquo;ann\u00e9e&#8230;\u00a0\u00bb<\/p>\n<p>Y.R. avec AFP<\/p>\n","protected":false},"excerpt":{"rendered":"Un alli\u00e9 de Donald Trump a fait une r\u00e9v\u00e9lation, \u00e0 un moment de tr\u00e8s grandes tensions entre Washington&hellip;\n","protected":false},"author":2,"featured_media":569675,"comment_status":"","ping_status":"","sticky":false,"template":"","format":"standard","meta":{"footnotes":""},"categories":[1591],"tags":[1111,11,1921,75,73,1887,1922,2497,12,338,1885,1886,132,887,337,133,1920],"class_list":{"0":"post-569674","1":"post","2":"type-post","3":"status-publish","4":"format-standard","5":"has-post-thumbnail","7":"category-russie","8":"tag-actu","9":"tag-actualites","10":"tag-article-video","11":"tag-donald-trump","12":"tag-etats-unis","13":"tag-federation-de-russie","14":"tag-info","15":"tag-le-second-mandat-de-donald-trump","16":"tag-news","17":"tag-nicolas-maduro","18":"tag-russia","19":"tag-russian-federation","20":"tag-russie","21":"tag-trafic-de-drogue","22":"tag-venezuela","23":"tag-video","24":"tag-video-international"},"share_on_mastodon":{"url":"https:\/\/pubeurope.com\/@fr\/115640772722698665","error":""},"_links":{"self":[{"href":"https:\/\/www.europesays.com\/fr\/wp-json\/wp\/v2\/posts\/569674","targetHints":{"allow":["GET"]}}],"collection":[{"href":"https:\/\/www.europesays.com\/fr\/wp-json\/wp\/v2\/posts"}],"about":[{"href":"https:\/\/www.europesays.com\/fr\/wp-json\/wp\/v2\/types\/post"}],"author":[{"embeddable":true,"href":"https:\/\/www.europesays.com\/fr\/wp-json\/wp\/v2\/users\/2"}],"replies":[{"embeddable":true,"href":"https:\/\/www.europesays.com\/fr\/wp-json\/wp\/v2\/comments?post=569674"}],"version-history":[{"count":0,"href":"https:\/\/www.europesays.com\/fr\/wp-json\/wp\/v2\/posts\/569674\/revisions"}],"wp:featuredmedia":[{"embeddable":true,"href":"https:\/\/www.europesays.com\/fr\/wp-json\/wp\/v2\/media\/569675"}],"wp:attachment":[{"href":"https:\/\/www.europesays.com\/fr\/wp-json\/wp\/v2\/media?parent=569674"}],"wp:term":[{"taxonomy":"category","embeddable":true,"href":"https:\/\/www.europesays.com\/fr\/wp-json\/wp\/v2\/categories?post=569674"},{"taxonomy":"post_tag","embeddable":true,"href":"https:\/\/www.europesays.com\/fr\/wp-json\/wp\/v2\/tags?post=569674"}],"curies":[{"name":"wp","href":"https:\/\/api.w.org\/{rel}","templated":true}]}}