{"id":569676,"date":"2025-11-30T21:28:15","date_gmt":"2025-11-30T21:28:15","guid":{"rendered":"https:\/\/www.europesays.com\/fr\/569676\/"},"modified":"2025-11-30T21:28:15","modified_gmt":"2025-11-30T21:28:15","slug":"pour-marco-rubio-et-rustem-umerov-les-discussions-entre-americains-et-ukrainiens-en-floride-ont-ete-productives","status":"publish","type":"post","link":"https:\/\/www.europesays.com\/fr\/569676\/","title":{"rendered":"pour Marco Rubio et Rustem Umerov, les discussions entre Am\u00e9ricains et Ukrainiens en Floride ont \u00e9t\u00e9 \u00ab\u00a0productives\u00a0\u00bb"},"content":{"rendered":"<p>   Pour Marco Rubio, l\u2019objectif est de \u00ab\u00a0mettre fin \u00e0 une guerre d\u2019une mani\u00e8re qui cr\u00e9e un m\u00e9canisme et une voie \u00e0 suivre qui permettra \u00e0 l\u2019Ukraine d\u2019\u00eatre ind\u00e9pendante et souveraine\u00a0\u00bb             <\/p>\n<p class=\"post__live-container--answer-text post__space-node\">Rustem Umerov, chef du Conseil national de s\u00e9curit\u00e9 et de d\u00e9fense de l\u2019Ukraine, a d\u00e9clar\u00e9 aux journalistes en Floride qu\u2019il attendait une r\u00e9union \u00ab\u00a0productive\u00a0\u00bb avec la d\u00e9l\u00e9gation am\u00e9ricaine compos\u00e9e du secr\u00e9taire d\u2019Etat, Marco Rubio, de l\u2019\u00e9missaire de Donald Trump, Steve Witkoff, et du gendre du pr\u00e9sident am\u00e9ricain, Jared Kushner, rapporte <a href=\"https:\/\/www.nytimes.com\/live\/2025\/11\/30\/us\/trump-news\/4869f9a0-478a-540d-b0f3-610db96971ef?smid=url-share\" target=\"_blank\" rel=\"noopener\" title=\"Nouvelle fen\u00eatre\">The New York Times<\/a>.<\/p>\n<p class=\"post__live-container--answer-text post__space-node\">Auparavant, M.\u00a0Umerov, dans un post sur X, disait \u00eatre \u00ab\u00a0en contact permanent\u00a0\u00bb avec Volodymyr Zelensky. \u00ab\u00a0Nous avons des directives et des priorit\u00e9s claires\u00a0: pr\u00e9server les int\u00e9r\u00eats ukrainiens, garantir un dialogue constructif et progresser sur la base des avanc\u00e9es r\u00e9alis\u00e9es \u00e0 Gen\u00e8ve\u00a0\u00bb, a-t-il poursuivi. \u00ab\u00a0Les Etats-Unis nous entendent.\u00a0Les Etats-Unis nous soutiennent. Les Etats-Unis travaillent \u00e0 nos c\u00f4t\u00e9s\u00a0\u00bb, a-t-il d\u00e9clar\u00e9 au Shell Bay Club, un club de golf et de sports de raquettes cr\u00e9\u00e9 par M. Witkoff \u00e0 Hallandale Beach, en Floride, o\u00f9 les discussions ont lieu.<\/p>\n<p class=\"post__live-container--answer-text post__space-node\">Toujours selon le quotidien am\u00e9ricain, le chef de la diplomatie am\u00e9ricaine a d\u00e9clar\u00e9 que ces discussions bilat\u00e9rales avaient pour objectif \u00ab\u00a0de mettre fin \u00e0 une guerre d\u2019une mani\u00e8re qui cr\u00e9e un m\u00e9canisme et une voie \u00e0 suivre qui leur permettront d\u2019\u00eatre ind\u00e9pendants et souverains, de ne plus jamais conna\u00eetre la guerre et de cr\u00e9er une prosp\u00e9rit\u00e9 extraordinaire pour leur peuple\u00a0\u00bb.<\/p>\n<p class=\"post__live-container--answer-text post__space-node\">Les pourparlers devraient reprendre dimanche sur la base d\u2019amendements du plan am\u00e9ricain n\u00e9goci\u00e9s il y a une semaine \u00e0 Gen\u00e8ve entre Am\u00e9ricains, Ukrainiens et Europ\u00e9ens, a fait savoir M. Zelensky. Les Etats-Unis ont pr\u00e9sent\u00e9 il y a dix jours un projet en 28 points cens\u00e9 mettre fin au conflit. Accus\u00e9 d\u2019\u00eatre tr\u00e8s favorable \u00e0 Moscou, ce plan a \u00e9t\u00e9 amend\u00e9 \u00e0 Gen\u00e8ve et doit \u00eatre finalis\u00e9 avec l\u2019approbation des bellig\u00e9rants et des Europ\u00e9ens, m\u00eame si Kiev craint de devoir faire d\u2019importantes concessions.<\/p>\n","protected":false},"excerpt":{"rendered":"Pour Marco Rubio, l\u2019objectif est de \u00ab\u00a0mettre fin \u00e0 une guerre d\u2019une mani\u00e8re qui cr\u00e9e un m\u00e9canisme et&hellip;\n","protected":false},"author":2,"featured_media":569677,"comment_status":"","ping_status":"","sticky":false,"template":"","format":"standard","meta":{"footnotes":""},"categories":[1590],"tags":[11,1777,674,12,220],"class_list":{"0":"post-569676","1":"post","2":"type-post","3":"status-publish","4":"format-standard","5":"has-post-thumbnail","7":"category-ukraine","8":"tag-actualites","9":"tag-eu","10":"tag-europe","11":"tag-news","12":"tag-ukraine"},"share_on_mastodon":{"url":"https:\/\/pubeurope.com\/@fr\/115640775767582059","error":""},"_links":{"self":[{"href":"https:\/\/www.europesays.com\/fr\/wp-json\/wp\/v2\/posts\/569676","targetHints":{"allow":["GET"]}}],"collection":[{"href":"https:\/\/www.europesays.com\/fr\/wp-json\/wp\/v2\/posts"}],"about":[{"href":"https:\/\/www.europesays.com\/fr\/wp-json\/wp\/v2\/types\/post"}],"author":[{"embeddable":true,"href":"https:\/\/www.europesays.com\/fr\/wp-json\/wp\/v2\/users\/2"}],"replies":[{"embeddable":true,"href":"https:\/\/www.europesays.com\/fr\/wp-json\/wp\/v2\/comments?post=569676"}],"version-history":[{"count":0,"href":"https:\/\/www.europesays.com\/fr\/wp-json\/wp\/v2\/posts\/569676\/revisions"}],"wp:featuredmedia":[{"embeddable":true,"href":"https:\/\/www.europesays.com\/fr\/wp-json\/wp\/v2\/media\/569677"}],"wp:attachment":[{"href":"https:\/\/www.europesays.com\/fr\/wp-json\/wp\/v2\/media?parent=569676"}],"wp:term":[{"taxonomy":"category","embeddable":true,"href":"https:\/\/www.europesays.com\/fr\/wp-json\/wp\/v2\/categories?post=569676"},{"taxonomy":"post_tag","embeddable":true,"href":"https:\/\/www.europesays.com\/fr\/wp-json\/wp\/v2\/tags?post=569676"}],"curies":[{"name":"wp","href":"https:\/\/api.w.org\/{rel}","templated":true}]}}