{"id":569704,"date":"2025-11-30T21:51:20","date_gmt":"2025-11-30T21:51:20","guid":{"rendered":"https:\/\/www.europesays.com\/fr\/569704\/"},"modified":"2025-11-30T21:51:20","modified_gmt":"2025-11-30T21:51:20","slug":"sarah-ferguson-bannie-de-la-famille-royale-elle-pourrait-trouver-refuge-dans-cette-grange-qui-appartient-a-sa-fille","status":"publish","type":"post","link":"https:\/\/www.europesays.com\/fr\/569704\/","title":{"rendered":"Sarah Ferguson : bannie de la famille royale, elle pourrait trouver refuge dans cette grange qui appartient \u00e0 sa fille"},"content":{"rendered":"<p class=\"p1\">Le temps presse pour Sarah Ferguson. Apr\u00e8s avoir \u00e9t\u00e9<br \/>\n<strong>d\u00e9chu de ses titres<\/strong>, Andrew Mountbatten-Windsor a<br \/>\n\u00e9t\u00e9 pri\u00e9 de <strong>quitter le Royal Lodge<\/strong>, qu\u2019il occupait<br \/>\navec son ex-femme. L\u2019homme impliqu\u00e9 dans l\u2019affaire Epstein a<br \/>\nensuite accept\u00e9 la proposition du roi Charles III de s\u2019installer<br \/>\nsur le domaine de <strong>Sandringham<\/strong>.<\/p>\n<p class=\"p1\">De son c\u00f4t\u00e9, <a href=\"https:\/\/www.closermag.fr\/royautes\/sarah-ferguson-terrifiee-et-extremement-nerveuse-son-depart-du-royal-lodge-la-met-dans-tous-ses-etats-3592426\" target=\"_blank\" rel=\"noopener\"><br \/>\nSarah Ferguson doit se d\u00e9brouiller seule<\/a> pour trouver un<br \/>\nnouveau logement. Si elle pourrait s\u2019installer en<br \/>\n<strong>Australie<\/strong> pr\u00e8s de sa s\u0153ur Jane Ferguson, elle<br \/>\npourrait \u00e9galement choisir de rejoindre sa fille Eugenie d\u2019York au<br \/>\n<strong>Portugal<\/strong> ou sa fille Beatrice d\u2019York dans les<br \/>\n<strong>Cotswolds<\/strong>.<\/p>\n<p><img loading=\"lazy\" decoding=\"async\" aria-describedby=\"caption-attachment-3600117\" itemprop=\"thumbnailUrl\" class=\"size-full wp-image-3600117 img-responsive\" src=\"https:\/\/www.europesays.com\/fr\/wp-content\/uploads\/2025\/11\/beatrice-dyork-et-sarah-ferguson.jpg\" alt=\"Beatrice d'York et Sarah Ferguson lors du premier jour des courses hippiques Royal Ascot 2025.\" width=\"1200\" height=\"1744\"\/> \u00a9 Julien Burton \/ Bestimage<\/p>\n<p id=\"caption-attachment-3600117\" class=\"wp-caption-text\">Beatrice<br \/>\nd&rsquo;York et Sarah Ferguson lors du premier jour des courses hippiques<br \/>\nRoyal Ascot 2025.<\/p>\n<p>Sarah Ferguson pourrait s\u2019installer dans une<br \/>\n\u00e9table<\/p>\n<p class=\"p1\">Dimanche 30 novembre, le <a href=\"https:\/\/www.dailymail.co.uk\/news\/article-15335655\/The-unroyal-granny-annexe-Princess-Beatrices-3-5m-Cotswolds-mansion-ostracised-Fergie-soon-call-home.html\" target=\"_blank\" rel=\"nofollow noopener\">Daily Mail<\/a> a<br \/>\nr\u00e9v\u00e9l\u00e9 que Beatrice d\u2019York envisagerait d\u2019<strong>h\u00e9berger sa<br \/>\nm\u00e8re<\/strong>. Sarah Ferguson pourrait donc s\u2019installer<br \/>\nprochainement dans <strong>une d\u00e9pendance<\/strong> de son manoir<br \/>\nd\u2019une valeur de 3,5 millions de livres sterling. La demeure est en<br \/>\nfait <strong>une ancienne \u00e9table \u00e0 b\u00e9tail<\/strong> compos\u00e9e d\u2019une<br \/>\nseule chambre.<\/p>\n<p class=\"p1\">Malgr\u00e9 le contraste avec le Royal Lodge, cette grange<br \/>\nserait parfaite pour <a href=\"https:\/\/www.closermag.fr\/royautes\/sarah-ferguson-atteinte-dun-cancer-la-duchesse-fait-une-annonce-de-taille-sur-son-traitement-3485757\" target=\"_blank\" rel=\"noopener\"><br \/>\ncelle qui se bat contre un cancer<\/a>. \u201cC\u2019est proche de sa<br \/>\nfille, mais aussi totalement ind\u00e9pendant de la maison principale o\u00f9<br \/>\nvivent Beatrice et Edoardo\u201d a r\u00e9v\u00e9l\u00e9 un proche. En seulement<br \/>\nquelques pas, Sarah Ferguson pourrait en plus \u201cgarder Sienne<br \/>\nsur place, qu\u2019elle adore\u201d.<\/p>\n<p>Beatrice d\u2019York a entam\u00e9 des travaux<br \/>\nde r\u00e9novation<\/p>\n<p class=\"p1\">Achet\u00e9e par Beatrice d\u2019York et Edoardo Mapelli Mozzi<br \/>\nen 2021, <a href=\"https:\/\/www.closermag.fr\/royautes\/princesse-beatrice-maman-ou-va-t-elle-desormais-vivre-avec-sa-fille-et-son-mari-edoardo-mapelli-mozzi-1403146\" target=\"_blank\" rel=\"noopener\"><br \/>\nla propri\u00e9t\u00e9 des Cotswolds<\/a> a depuis subi des travaux de<br \/>\nr\u00e9novation. Ces derniers mois, le b\u00e2timent annexe a d\u2019ailleurs<br \/>\n<strong>connu un rafra\u00eechissement<\/strong>. \u201cLes joints de<br \/>\nma\u00e7onnerie ont \u00e9t\u00e9 refaits, les goutti\u00e8res r\u00e9nov\u00e9es, les boiseries<br \/>\njoliment repeintes. Il y a m\u00eame une entr\u00e9e ind\u00e9pendante\u201d, a<br \/>\nrapport\u00e9 une source au Mail on Sunday.<\/p>\n<p class=\"p1\">Avant l\u2019arriv\u00e9e de l\u2019hiver, des \u201cbouteilles de<br \/>\npropane destin\u00e9es \u00e0 l\u2019annexe\u201d ont \u00e9galement \u00e9t\u00e9 livr\u00e9es. De<br \/>\nquoi confirmer que \u201cl\u2019annexe pour grand-m\u00e8re semble pr\u00eate \u00e0<br \/>\n\u00eatre habit\u00e9e d\u00e8s maintenant\u201d. Reste \u00e0 savoir si Sarah Ferguson<br \/>\nchoisira effectivement d\u2019\u00eatre <strong>log\u00e9e chez sa fille<br \/>\na\u00een\u00e9e<\/strong>.<\/p>\n","protected":false},"excerpt":{"rendered":"Le temps presse pour Sarah Ferguson. Apr\u00e8s avoir \u00e9t\u00e9 d\u00e9chu de ses titres, Andrew Mountbatten-Windsor a \u00e9t\u00e9 pri\u00e9&hellip;\n","protected":false},"author":2,"featured_media":569705,"comment_status":"","ping_status":"","sticky":false,"template":"","format":"standard","meta":{"footnotes":""},"categories":[1359],"tags":[62390,58,59,1011,27,973,546,60309],"class_list":{"0":"post-569704","1":"post","2":"type-post","3":"status-publish","4":"format-standard","5":"has-post-thumbnail","7":"category-people","8":"tag-beatrice-dyork","9":"tag-divertissement","10":"tag-entertainment","11":"tag-fr","12":"tag-france","13":"tag-people","14":"tag-prince-andrew","15":"tag-sarah-ferguson"},"share_on_mastodon":{"url":"https:\/\/pubeurope.com\/@fr\/115640867036645576","error":""},"_links":{"self":[{"href":"https:\/\/www.europesays.com\/fr\/wp-json\/wp\/v2\/posts\/569704","targetHints":{"allow":["GET"]}}],"collection":[{"href":"https:\/\/www.europesays.com\/fr\/wp-json\/wp\/v2\/posts"}],"about":[{"href":"https:\/\/www.europesays.com\/fr\/wp-json\/wp\/v2\/types\/post"}],"author":[{"embeddable":true,"href":"https:\/\/www.europesays.com\/fr\/wp-json\/wp\/v2\/users\/2"}],"replies":[{"embeddable":true,"href":"https:\/\/www.europesays.com\/fr\/wp-json\/wp\/v2\/comments?post=569704"}],"version-history":[{"count":0,"href":"https:\/\/www.europesays.com\/fr\/wp-json\/wp\/v2\/posts\/569704\/revisions"}],"wp:featuredmedia":[{"embeddable":true,"href":"https:\/\/www.europesays.com\/fr\/wp-json\/wp\/v2\/media\/569705"}],"wp:attachment":[{"href":"https:\/\/www.europesays.com\/fr\/wp-json\/wp\/v2\/media?parent=569704"}],"wp:term":[{"taxonomy":"category","embeddable":true,"href":"https:\/\/www.europesays.com\/fr\/wp-json\/wp\/v2\/categories?post=569704"},{"taxonomy":"post_tag","embeddable":true,"href":"https:\/\/www.europesays.com\/fr\/wp-json\/wp\/v2\/tags?post=569704"}],"curies":[{"name":"wp","href":"https:\/\/api.w.org\/{rel}","templated":true}]}}