{"id":569706,"date":"2025-11-30T21:52:16","date_gmt":"2025-11-30T21:52:16","guid":{"rendered":"https:\/\/www.europesays.com\/fr\/569706\/"},"modified":"2025-11-30T21:52:16","modified_gmt":"2025-11-30T21:52:16","slug":"pour-lutter-contre-un-louvre-surcharge-la-porte-des-lions-rouvre-cote-seine","status":"publish","type":"post","link":"https:\/\/www.europesays.com\/fr\/569706\/","title":{"rendered":"Pour lutter contre un Louvre surcharg\u00e9, la porte des Lions rouvre c\u00f4t\u00e9 Seine"},"content":{"rendered":"<p>\n    \u00c0 partir du 3\u00a0d\u00e9cembre on pourra acc\u00e9der aux salles via cette entr\u00e9e. Et d\u00e9couvrir au rez-de-chauss\u00e9e, une galerie des Cinq Continents repens\u00e9e autour du dialogue entre arts lointains et europ\u00e9ens.<\/p>\n<p class=\"fig-paragraph\">Alors qu\u2019au\u00a0<a href=\"http:\/\/www.lefigaro.fr\/culture\/patrimoine\/securite-renovation-le-grand-projet-d-emmanuel-macron-pour-le-musee-du-louvre-remis-en-question-20251106\" data-fig-type=\"Article\" data-gtm-custom-categorie=\"navigation\" data-gtm-custom-action=\"crossclick\" data-gtm-custom-label=\"Contextuel\" data-gtm-event=\"customEventSPE\" data-fig-domain=\"LEFIGARO\" target=\"_blank\" rel=\"noopener\">Louvre<\/a>\u00a0une \u00ab\u00a0nouvelle grande entr\u00e9e\u00a0\u00bb a \u00e9t\u00e9 annonc\u00e9e par Emmanuel Macron au niveau de la colonnade de Perrault afin de d\u00e9sengorger la pyramide, plus discr\u00e8tement, l\u2019acc\u00e8s c\u00f4t\u00e9 Seine rouvre. Cette porte dite des Lions se trouvait, faute de personnel, ferm\u00e9e depuis au moins un an. Avec celle du Carrousel et celle de l\u2019aile Richelieu, elle est pourtant la quatri\u00e8me voie d\u2019acc\u00e8s aux salles. Elle redeviendra op\u00e9rationnelle ce 3\u00a0d\u00e9cembre. \u00c0 condition d\u2019\u00eatre muni d\u2019un billet, elle constituera un moyen fut\u00e9 pour \u00e9viter les queues. Le hall a \u00e9t\u00e9 modernis\u00e9 gr\u00e2ce au pr\u00e9sident de Fimalac, Marc Ladreit\u00a0de\u00a0Lacharri\u00e8re, via sa Fondation Culture et diversit\u00e9. Le montant de ce m\u00e9c\u00e9nat demeure confidentiel. Il a en tout cas \u00e9t\u00e9 suffisant pour raviver cet espace avec son escalier moderne, le doter d\u2019un vestiaire et d\u2019un caf\u00e9, l\u2019embellir d\u2019une statue royale de l\u2019ancien Cameroun ainsi que d\u2019un ensemble de peintures de Marlene Dumas.<\/p>\n<p>                                            Invariants de l\u2019humanit\u00e9<\/p>\n<p class=\"fig-paragraph\">\u00c0 l\u2019\u00e9tage, dans les collections espagnoles et italiennes du\u2026<\/p>\n<p class=\"fig-premium-paywall__infos\">\n        Cet article est r\u00e9serv\u00e9 aux abonn\u00e9s.        Il vous reste 62% \u00e0 d\u00e9couvrir.\n    <\/p>\n<p>                <img  data- alt=\"Le Figaro\" class=\"fig-img--complete fig-img\"\/><\/p>\n<p class=\"fig-premium-paywall__title\">Black Friday : derniers jours<\/p>\n<p class=\"fig-premium-paywall__subtitle\">-70% sur l&rsquo;abonnement num\u00e9rique<\/p>\n<p class=\"fig-premium-paywall__connect\">\n                D\u00e9j\u00e0 abonn\u00e9\u00a0?                <a class=\"fig-premium-paywall__connect-link\" href=\"https:\/\/connect.lefigaro.fr\/login?client=horizon_web&amp;type=main&amp;redirect_uri=https%3A%2F%2Fwww.lefigaro.fr%2Fculture%2Fpour-lutter-contre-un-louvre-surcharge-la-porte-des-lions-rouvre-cote-seine-20251130\" data-js-gtm=\"{&quot;customCategorie&quot;: &quot;conversion&quot;, &quot;customAction&quot;: &quot;before_Landing_Connexion_paywall_auto&quot;, &quot;customLabel&quot;: &quot;bGVmaWdhcm8uZnJfXzFmMGNiODNkLWM1YjItNjg3Mi1iMmMxLTM5ODBmNmM4MzI5Yl9fQXJ0aWNsZQ==_Pour lutter contre un Louvre surcharg\u00e9, la porte des Lions rouvre c\u00f4t\u00e9 Seine_58&quot;, &quot;customIDSPE&quot;: &quot;bGVmaWdhcm8uZnJfXzFmMGNiODNkLWM1YjItNjg3Mi1iMmMxLTM5ODBmNmM4MzI5Yl9fQXJ0aWNsZQ==&quot;, &quot;event&quot;: &quot;customEventSPE&quot;}\" target=\"_blank\" rel=\"noopener\"><br \/>\n                    Connectez-vous<br \/>\n                <\/a>\n            <\/p>\n","protected":false},"excerpt":{"rendered":"\u00c0 partir du 3\u00a0d\u00e9cembre on pourra acc\u00e9der aux salles via cette entr\u00e9e. Et d\u00e9couvrir au rez-de-chauss\u00e9e, une galerie&hellip;\n","protected":false},"author":2,"featured_media":569707,"comment_status":"","ping_status":"","sticky":false,"template":"","format":"standard","meta":{"footnotes":""},"categories":[1358],"tags":[1348,1384,1385,1386,58,59,1011,27,11274,3048],"class_list":{"0":"post-569706","1":"post","2":"type-post","3":"status-publish","4":"format-standard","5":"has-post-thumbnail","7":"category-arts-et-design","8":"tag-arts","9":"tag-arts-and-design","10":"tag-arts-et-design","11":"tag-design","12":"tag-divertissement","13":"tag-entertainment","14":"tag-fr","15":"tag-france","16":"tag-louvre","17":"tag-musee"},"share_on_mastodon":{"url":"https:\/\/pubeurope.com\/@fr\/115640870083594916","error":""},"_links":{"self":[{"href":"https:\/\/www.europesays.com\/fr\/wp-json\/wp\/v2\/posts\/569706","targetHints":{"allow":["GET"]}}],"collection":[{"href":"https:\/\/www.europesays.com\/fr\/wp-json\/wp\/v2\/posts"}],"about":[{"href":"https:\/\/www.europesays.com\/fr\/wp-json\/wp\/v2\/types\/post"}],"author":[{"embeddable":true,"href":"https:\/\/www.europesays.com\/fr\/wp-json\/wp\/v2\/users\/2"}],"replies":[{"embeddable":true,"href":"https:\/\/www.europesays.com\/fr\/wp-json\/wp\/v2\/comments?post=569706"}],"version-history":[{"count":0,"href":"https:\/\/www.europesays.com\/fr\/wp-json\/wp\/v2\/posts\/569706\/revisions"}],"wp:featuredmedia":[{"embeddable":true,"href":"https:\/\/www.europesays.com\/fr\/wp-json\/wp\/v2\/media\/569707"}],"wp:attachment":[{"href":"https:\/\/www.europesays.com\/fr\/wp-json\/wp\/v2\/media?parent=569706"}],"wp:term":[{"taxonomy":"category","embeddable":true,"href":"https:\/\/www.europesays.com\/fr\/wp-json\/wp\/v2\/categories?post=569706"},{"taxonomy":"post_tag","embeddable":true,"href":"https:\/\/www.europesays.com\/fr\/wp-json\/wp\/v2\/tags?post=569706"}],"curies":[{"name":"wp","href":"https:\/\/api.w.org\/{rel}","templated":true}]}}