{"id":569708,"date":"2025-11-30T21:54:28","date_gmt":"2025-11-30T21:54:28","guid":{"rendered":"https:\/\/www.europesays.com\/fr\/569708\/"},"modified":"2025-11-30T21:54:28","modified_gmt":"2025-11-30T21:54:28","slug":"vous-verrez-cette-scene-du-final-differemment-si-vous-vous-souvenez-de-ce-detail-du-tout-premier-episode-de-la-serie","status":"publish","type":"post","link":"https:\/\/www.europesays.com\/fr\/569708\/","title":{"rendered":"Vous verrez cette sc\u00e8ne du final diff\u00e9remment si vous vous souvenez de ce d\u00e9tail du tout premier \u00e9pisode de la s\u00e9rie"},"content":{"rendered":"<p>La saison 2 de Maxton Hall est d\u00e9sormais termin\u00e9e et elle s&rsquo;est achev\u00e9e sur un coup de tonnerre sur Prime Video ! En attendant la saison 3, d\u00e9j\u00e0 confirm\u00e9e, on vous explique l\u2019une des derni\u00e8res sc\u00e8nes de l\u2019\u00e9pisode 6, que vous ne verrez pas de la m\u00eame fa\u00e7on si vous vous souvenez de ce d\u00e9tail bien pr\u00e9cis.<\/p>\n<p>Six petits \u00e9pisodes et puis s\u2019en va\u2026 Cela a beau <a href=\"https:\/\/www.programme-tv.net\/news\/series-tv\/392518-maxton-hall-un-an-d-attente-pour-ca-pourquoi-la-saison-2-frustre-enormement-les-fans\/\" data-api-deeplink=\"teleloisirs:\/\/news\/392518\" target=\"_blank\" rel=\"noopener\">\u00e9nerver les fans<\/a>, la saison 2 de Maxton Hall est d\u00e9j\u00e0 termin\u00e9e. Apr\u00e8s avoir mis en ligne les trois premiers \u00e9pisodes le 7 novembre dernier, <a href=\"https:\/\/www.programme-tv.net\/news\/series-tv\/391589-maxton-hall-saison-2-quand-sortent-les-prochains-episodes-le-calendrier-de-diffusion\/\" data-api-deeplink=\"teleloisirs:\/\/news\/391589\" target=\"_blank\" rel=\"noopener\">Prime Video a poursuivi la diffusion avec un \u00e9pisode chaque vendredi<\/a>. Mais puisque la s\u00e9rie allemande adapt\u00e9e de la trilogie de Mona Kasten ne compte que six \u00e9pisodes par saison, elle fait donc d\u00e9j\u00e0 ses adieux. Et quels adieux ! L\u2019\u00e9pisode 6 n\u2019\u00e9tait pas de tout repos pour Ruby (Harriet Herbig-Matten) et James (Damian Hardung). <b>Attention, la suite contient des spoilers, n\u2019allez pas plus loin si vous n\u2019avez pas encore vu le final de la deuxi\u00e8me saison de <\/b><b>Maxton Hall<\/b><b> !<\/b><\/p>\n<p>Dans cet ultime \u00e9pisode de la deuxi\u00e8me saison de la s\u00e9rie ph\u00e9nom\u00e8ne, James et sa s\u0153ur Lydia (Sonja Wei\u00dfer) ont d\u00e9couvert que leur m\u00e8re les avait \u00e9cart\u00e9s de son testament au profit de Mortimer (Fedja van Hu\u00eat), mais ils soup\u00e7onnent fortement ce dernier de leur avoir &#8211; encore &#8211; fait un sale coup. Et ils n\u2019ont peut-\u00eatre pas tort vu toutes les manipulations mesquines de Mortimer ! Rien que dans l\u2019\u00e9pisode 6, il a rachet\u00e9 la boulangerie que convoitaient les parents de Ruby et fait virer la m\u00e8re de celle-ci. Mais il pourrait bien aussi se cacher derri\u00e8re l\u2019autre grand choc de ce final. \u00c0 la fin de l\u2019\u00e9pisode 6, Graham Sutton (Eidin Jalali) a \u00e9t\u00e9 convoqu\u00e9 suite \u00e0 l&rsquo;envoi d\u2019une photo le montrant dans une position compromettante avec une \u00e9tudiante. Pensant qu\u2019il s\u2019agissait de Lydia, il a tout confirm\u00e9\u2026 avant de se rendre compte que l\u2019image le montrait tr\u00e8s proche&#8230; de Ruby. Alors que l\u2019ultime plan montrait Graham arr\u00eat\u00e9 par la police, Ruby, elle, s\u2019effondrait dans les bras de James apr\u00e8s avoir appris qu\u2019elle \u00e9tait vir\u00e9e de Maxton Hall, n\u2019aurait pas son dipl\u00f4me et n\u2019irait donc pas \u00e0 \u00e9tudier \u00e0 Oxford.<\/p>\n<p>                        Ce d\u00e9tail du premier \u00e9pisode de Maxton Hall est crucial pour la suite<\/p>\n<p>Alors que James et Ruby ont travers\u00e9 des \u00e9preuves et se sont enfin remis ensemble, cet \u00e9quilibre fragile va-t-il exploser en \u00e9clats dans <a href=\"https:\/\/www.programme-tv.net\/news\/series-tv\/391725-maxton-hall-saison-3-prime-video-les-premieres-informations-sur-la-suite-de-la-serie\/\" data-api-deeplink=\"teleloisirs:\/\/news\/391725\" target=\"_blank\" rel=\"noopener\">la saison 3 de Maxton Hall<\/a> ? Pas si impossible mais, pour s\u2019en rendre compte, il faut se souvenir d\u2019une sc\u00e8ne tr\u00e8s pr\u00e9cise, pr\u00e9sente dans le tout premier \u00e9pisode de la s\u00e9rie. Cela concerne la photo utilis\u00e9e pour faire accuser Ruby d\u2019avoir eu une aventure avec Graham. Si on ne sait pas exactement qui a envoy\u00e9 cette photo au directeur de l\u2019\u00e9cole, on sait cependant qui l&rsquo;a prise. Et il s\u2019agit de\u2026 James ! Dans le tout premier \u00e9pisode de Maxton Hall, Ruby d\u00e9couvre l\u2019aventure entre Lydia et Graham. Pour tenter de la faire chanter, James prend alors des photos d\u2019elle tr\u00e8s proche de Mr Sutton dans une soir\u00e9e. Photo qui a donc \u00e9t\u00e9 utilis\u00e9e contre elle dans l\u2019\u00e9pisode 6 de la saison 2.<\/p>\n<p>            <img decoding=\"async\" src=\"https:\/\/www.europesays.com\/fr\/wp-content\/uploads\/2025\/11\/1764539668_300_thumbnail.jpg\" alt=\"\" data-id=\"\"\/>James prend une photo de Ruby et Mr Sutton dans le tout premier \u00e9pisode de Maxton Hall\u00a0Capture<\/p>\n<p>Bien que Ruby trouve refuge dans les bras de James quand elle apprend son renvoi du lyc\u00e9e, on imagine qu\u2019elle pourrait bien se montrer plus froide par la suite, lorsqu\u2019elle se souviendra que c\u2019est le jeune homme qui a pris ce clich\u00e9. C\u2019est en tout cas ce qui arrive dans le troisi\u00e8me roman de la saga de Mona Kasten, bien que ses doutes ne durent pas tr\u00e8s longtemps. En attendant d&rsquo;en savoir plus, d\u00e9couvrez aussi les r\u00e9ponses aux questions qu\u2019on se pose apr\u00e8s la fin de la saison 2 de Maxton Hall.<\/p>\n","protected":false},"excerpt":{"rendered":"La saison 2 de Maxton Hall est d\u00e9sormais termin\u00e9e et elle s&rsquo;est achev\u00e9e sur un coup de tonnerre&hellip;\n","protected":false},"author":2,"featured_media":569709,"comment_status":"","ping_status":"","sticky":false,"template":"","format":"standard","meta":{"footnotes":""},"categories":[1356],"tags":[4225,244,64809,58,59,1011,27,68506,37082,4224,129,252,1364],"class_list":{"0":"post-569708","1":"post","2":"type-post","3":"status-publish","4":"format-standard","5":"has-post-thumbnail","7":"category-television","8":"tag-amazon-prime-vidu00e9o","9":"tag-commentaire","10":"tag-damian-hardung","11":"tag-divertissement","12":"tag-entertainment","13":"tag-fr","14":"tag-france","15":"tag-harriet-herbig-matten","16":"tag-maxton-hall-le-monde-qui-nous-su00e9pare","17":"tag-pub-streaming-prime-video","18":"tag-svod","19":"tag-television","20":"tag-tv"},"share_on_mastodon":{"url":"https:\/\/pubeurope.com\/@fr\/115640878986973123","error":""},"_links":{"self":[{"href":"https:\/\/www.europesays.com\/fr\/wp-json\/wp\/v2\/posts\/569708","targetHints":{"allow":["GET"]}}],"collection":[{"href":"https:\/\/www.europesays.com\/fr\/wp-json\/wp\/v2\/posts"}],"about":[{"href":"https:\/\/www.europesays.com\/fr\/wp-json\/wp\/v2\/types\/post"}],"author":[{"embeddable":true,"href":"https:\/\/www.europesays.com\/fr\/wp-json\/wp\/v2\/users\/2"}],"replies":[{"embeddable":true,"href":"https:\/\/www.europesays.com\/fr\/wp-json\/wp\/v2\/comments?post=569708"}],"version-history":[{"count":0,"href":"https:\/\/www.europesays.com\/fr\/wp-json\/wp\/v2\/posts\/569708\/revisions"}],"wp:featuredmedia":[{"embeddable":true,"href":"https:\/\/www.europesays.com\/fr\/wp-json\/wp\/v2\/media\/569709"}],"wp:attachment":[{"href":"https:\/\/www.europesays.com\/fr\/wp-json\/wp\/v2\/media?parent=569708"}],"wp:term":[{"taxonomy":"category","embeddable":true,"href":"https:\/\/www.europesays.com\/fr\/wp-json\/wp\/v2\/categories?post=569708"},{"taxonomy":"post_tag","embeddable":true,"href":"https:\/\/www.europesays.com\/fr\/wp-json\/wp\/v2\/tags?post=569708"}],"curies":[{"name":"wp","href":"https:\/\/api.w.org\/{rel}","templated":true}]}}