{"id":569721,"date":"2025-11-30T22:02:14","date_gmt":"2025-11-30T22:02:14","guid":{"rendered":"https:\/\/www.europesays.com\/fr\/569721\/"},"modified":"2025-11-30T22:02:14","modified_gmt":"2025-11-30T22:02:14","slug":"le-dynamisme-retrouve-de-lindustrie-darmement-europeenne","status":"publish","type":"post","link":"https:\/\/www.europesays.com\/fr\/569721\/","title":{"rendered":"Le dynamisme retrouv\u00e9 de l&rsquo;industrie d&rsquo;armement europ\u00e9enne"},"content":{"rendered":"<p>\n    <strong>D\u00c9CRYPTAGE &#8211;<\/strong> Les 26 industriels europ\u00e9ens du Top 100 de la d\u00e9fense mondiale ont vu leurs ventes augmenter de 13% en 2024. Soit trois fois plus que celles des 39 groupes am\u00e9ricains du classement.<\/p>\n<p class=\"fig-paragraph\">Un effort r\u00e9el pour\u00a0<a href=\"http:\/\/www.lefigaro.fr\/international\/espionnage-destabilisation-menace-elevee-sur-les-industries-de-defense-20250415\" data-fig-type=\"Article\" data-gtm-custom-categorie=\"navigation\" data-gtm-custom-action=\"crossclick\" data-gtm-custom-label=\"Contextuel\" data-gtm-event=\"customEventSPE\" data-fig-domain=\"LEFIGARO\" target=\"_blank\" rel=\"noopener\">produire plus et plus vite<\/a>. Les industriels europ\u00e9ens de l\u2019armement ont r\u00e9pondu aux appels r\u00e9p\u00e9t\u00e9s des politiques pour augmenter leur cadence de production, livrer plus rapidement les arm\u00e9es et soutenir l\u2019Ukraine, qui se d\u00e9fend depuis pr\u00e8s de quatre ans contre l\u2019agression russe. Et cela se voit\u00a0: en 2024, le chiffre d\u2019affaires des 26 Europ\u00e9ens, class\u00e9s au sein du Top 100 de la d\u00e9fense mondiale, a progress\u00e9 de 13%, \u00e0 151 milliards de dollars, selon une \u00e9tude du Stockholm Institute for Peace (Sipri), publi\u00e9e ce lundi. Une croissance plus de trois fois sup\u00e9rieure \u00e0 celle des ventes des 39 groupes am\u00e9ricains (+3,8%) du classement.<\/p>\n<p class=\"fig-premium-paywall__infos\">\n        Cet article est r\u00e9serv\u00e9 aux abonn\u00e9s.        Il vous reste 90% \u00e0 d\u00e9couvrir.\n    <\/p>\n<p>                <img  data- alt=\"Le Figaro\" class=\"fig-img--complete fig-img\"\/><\/p>\n<p class=\"fig-premium-paywall__title\">Black Friday : derniers jours<\/p>\n<p class=\"fig-premium-paywall__subtitle\">-70% sur l&rsquo;abonnement num\u00e9rique<\/p>\n<p class=\"fig-premium-paywall__connect\">\n                D\u00e9j\u00e0 abonn\u00e9\u00a0?                <a class=\"fig-premium-paywall__connect-link\" href=\"https:\/\/connect.lefigaro.fr\/login?client=horizon_web&amp;type=main&amp;redirect_uri=https%3A%2F%2Fwww.lefigaro.fr%2Fsocietes%2Fle-dynamisme-retrouve-de-l-industrie-d-armement-europeenne-20251130\" data-js-gtm=\"{&quot;customCategorie&quot;: &quot;conversion&quot;, &quot;customAction&quot;: &quot;before_Landing_Connexion_paywall_manuel&quot;, &quot;customLabel&quot;: &quot;bGVmaWdhcm8uZnJfXzFmMGNjNjRiLWJhY2MtNjY2Mi1iNzgzLTAxMDJkZTQzNGVjZF9fTmV3c0ZsYXNo_Le dynamisme retrouv\u00e9 de l&#039;industrie d&#039;armement europ\u00e9enne_983&quot;, &quot;customIDSPE&quot;: &quot;bGVmaWdhcm8uZnJfXzFmMGNjNjRiLWJhY2MtNjY2Mi1iNzgzLTAxMDJkZTQzNGVjZF9fTmV3c0ZsYXNo&quot;, &quot;event&quot;: &quot;customEventSPE&quot;}\" target=\"_blank\" rel=\"noopener\"><br \/>\n                    Connectez-vous<br \/>\n                <\/a>\n            <\/p>\n","protected":false},"excerpt":{"rendered":"D\u00c9CRYPTAGE &#8211; Les 26 industriels europ\u00e9ens du Top 100 de la d\u00e9fense mondiale ont vu leurs ventes augmenter&hellip;\n","protected":false},"author":2,"featured_media":569722,"comment_status":"","ping_status":"","sticky":false,"template":"","format":"standard","meta":{"footnotes":""},"categories":[6],"tags":[36,1924,888,35,33,34,1011,27,544],"class_list":{"0":"post-569721","1":"post","2":"type-post","3":"status-publish","4":"format-standard","5":"has-post-thumbnail","7":"category-economie","8":"tag-airbus","9":"tag-armement","10":"tag-boeing","11":"tag-business","12":"tag-economie","13":"tag-economy","14":"tag-fr","15":"tag-france","16":"tag-thales"},"share_on_mastodon":{"url":"https:\/\/pubeurope.com\/@fr\/115640909508967266","error":""},"_links":{"self":[{"href":"https:\/\/www.europesays.com\/fr\/wp-json\/wp\/v2\/posts\/569721","targetHints":{"allow":["GET"]}}],"collection":[{"href":"https:\/\/www.europesays.com\/fr\/wp-json\/wp\/v2\/posts"}],"about":[{"href":"https:\/\/www.europesays.com\/fr\/wp-json\/wp\/v2\/types\/post"}],"author":[{"embeddable":true,"href":"https:\/\/www.europesays.com\/fr\/wp-json\/wp\/v2\/users\/2"}],"replies":[{"embeddable":true,"href":"https:\/\/www.europesays.com\/fr\/wp-json\/wp\/v2\/comments?post=569721"}],"version-history":[{"count":0,"href":"https:\/\/www.europesays.com\/fr\/wp-json\/wp\/v2\/posts\/569721\/revisions"}],"wp:featuredmedia":[{"embeddable":true,"href":"https:\/\/www.europesays.com\/fr\/wp-json\/wp\/v2\/media\/569722"}],"wp:attachment":[{"href":"https:\/\/www.europesays.com\/fr\/wp-json\/wp\/v2\/media?parent=569721"}],"wp:term":[{"taxonomy":"category","embeddable":true,"href":"https:\/\/www.europesays.com\/fr\/wp-json\/wp\/v2\/categories?post=569721"},{"taxonomy":"post_tag","embeddable":true,"href":"https:\/\/www.europesays.com\/fr\/wp-json\/wp\/v2\/tags?post=569721"}],"curies":[{"name":"wp","href":"https:\/\/api.w.org\/{rel}","templated":true}]}}