{"id":569734,"date":"2025-11-30T22:15:22","date_gmt":"2025-11-30T22:15:22","guid":{"rendered":"https:\/\/www.europesays.com\/fr\/569734\/"},"modified":"2025-11-30T22:15:22","modified_gmt":"2025-11-30T22:15:22","slug":"le-terrier-remplace-la-7%e1%b5%89-vague","status":"publish","type":"post","link":"https:\/\/www.europesays.com\/fr\/569734\/","title":{"rendered":"le Terrier remplace la 7\u1d49 vague"},"content":{"rendered":"<p class=\"fs-5 \">L\u2019inauguration du caf\u00e9-th\u00e9\u00e2tre Le Terrier, a eu lieu ce samedi soir dans une salle pleine\u2026 Comme un symbole. Apr\u00e8s 40 ans \u00e0 la t\u00eate du lieu qu\u2019il a cr\u00e9\u00e9 en 1986, Tonton Dg\u00e9 a remis les clefs \u00e0 Benjamin Lull, com\u00e9dien pass\u00e9 de la sc\u00e8ne \u00e0 la direction. La transmission s\u2019est faite sous une ovation chaleureuse et un rappel des origines. Des d\u00e9buts difficiles, \u00ab il a fallu se battre pour se faire accepter et trouver sa place au commencement \u00bb, le recours vital aux b\u00e9n\u00e9voles, et l\u2019esprit revendiqu\u00e9 d\u2019ind\u00e9pendance artistique, malgr\u00e9 le rachat des murs par la mairie dans le cadre d\u2019une convention.<\/p>\n<p class=\"fs-5 \">\u00ab Ce n\u2019est pas un truc municipal pour autant \u00bb, a r\u00e9sum\u00e9 l\u2019ancien directeur, rest\u00e9 fid\u00e8le \u00e0 la libert\u00e9 des artistes. Sur sc\u00e8ne, Benjamin Lull a racont\u00e9 son arriv\u00e9e \u00e0 l\u2019ancienne 7e vague, il y a huit ans, attir\u00e9 par \u00ab l\u2019odeur du th\u00e9\u00e2tre : le bois rance, la moquette humide, la sueur \u00bb, il pousse alors la porte, se pr\u00e9sente et demande \u00e0 jouer. Il finira par \u00eatre programm\u00e9.<\/p>\n<p class=\"fs-5 \">Huit ans plus tard, lorsqu\u2019on lui propose de prendre la direction du lieu, il accepte de devenir le garant de l\u2019h\u00e9ritage, non sans lucidit\u00e9 : \u00ab J\u2019ai demand\u00e9 \u00e0 mes amis de me rejoindre dans cette nouvelle gal\u00e8re. \u00bb Pendant cinq mois, tous s\u2019attellent \u00e0 la r\u00e9novation : \u00ab Mon p\u00e8re a mont\u00e9 le mur derri\u00e8re, mon grand-p\u00e8re a construit le bar. Et aujourd\u2019hui, c\u2019est un plaisir de vous voir si nombreux \u00bb, a-t-il lanc\u00e9 \u00e0 la salle, reconnaissant que l\u2019apprentissage passera aussi par l\u2019erreur.<\/p>\n<p class=\"fs-5 \">\u00ab Nous ferons certainement des erreurs, mais c\u2019est comme \u00e7a qu\u2019on avance. \u00bb<\/p>\n<p>                                                                                Un Terrier plus grand, toujours libre<\/p>\n<p class=\"fs-5 \">Les travaux, soutenus par la municipalit\u00e9 et prolong\u00e9s par l\u2019\u00e9nergie des b\u00e9n\u00e9voles, ont enti\u00e8rement r\u00e9habilit\u00e9 le lieu, du sol au plafond, et permis d\u2019agrandir la jauge \u00e0 48 places, avec une entr\u00e9e PMR et un acc\u00e8s direct depuis la rue Kebler.<\/p>\n<p class=\"fs-5 \">Les fondamentaux ne bougent pas : le tarif d\u2019entr\u00e9e restera 10 euros, conform\u00e9ment au choix revendiqu\u00e9 par l\u2019ancien directeur, et aucune rupture n\u2019est pr\u00e9vue dans l\u2019ADN artistique du lieu, pens\u00e9 comme un \u00ab th\u00e9\u00e2tre-laboratoire \u00bb o\u00f9 l\u2019exp\u00e9rimentation prime.<\/p>\n<p class=\"fs-5 \">Quarante ans apr\u00e8s sa naissance sous la 7e Vague, Le Terrier retrouve un collectif pour le porter. Et ce sont aux com\u00e9diens qui se d\u00e9crivent comme une \u00e9quipe de renards de conclure : \u00ab La grandeur vient des d\u00e9buts modestes. Voil\u00e0 nos d\u00e9buts, le reste est \u00e0 \u00e9crire. \u00bb<\/p>\n<p class=\"fs-5 \">pratique Les RDV en d\u00e9cembre : samedi 6 \u00e0 18 h projection films courts sp\u00e9cial enfants. Samedi 13, 20 h 30 Tutti Bruti en concert. Vendredi 19 \u00e0 20 h 30, sc\u00e8ne ouverte concert. Samedi 20 \u00e0 15 h 30 Contes de No\u00ebl sp\u00e9cial enfants. Programmation et r\u00e9servation sur leterrier.assoconnect.com<\/p>\n","protected":false},"excerpt":{"rendered":"L\u2019inauguration du caf\u00e9-th\u00e9\u00e2tre Le Terrier, a eu lieu ce samedi soir dans une salle pleine\u2026 Comme un symbole.&hellip;\n","protected":false},"author":2,"featured_media":569735,"comment_status":"","ping_status":"","sticky":false,"template":"","format":"standard","meta":{"footnotes":""},"categories":[9619],"tags":[1111,11,1777,674,1011,27,12,882,25,2310],"class_list":{"0":"post-569734","1":"post","2":"type-post","3":"status-publish","4":"format-standard","5":"has-post-thumbnail","7":"category-toulon","8":"tag-actu","9":"tag-actualites","10":"tag-eu","11":"tag-europe","12":"tag-fr","13":"tag-france","14":"tag-news","15":"tag-provence-alpes-cote-dazur","16":"tag-republique-francaise","17":"tag-toulon"},"share_on_mastodon":{"url":"https:\/\/pubeurope.com\/@fr\/115640960470204288","error":""},"_links":{"self":[{"href":"https:\/\/www.europesays.com\/fr\/wp-json\/wp\/v2\/posts\/569734","targetHints":{"allow":["GET"]}}],"collection":[{"href":"https:\/\/www.europesays.com\/fr\/wp-json\/wp\/v2\/posts"}],"about":[{"href":"https:\/\/www.europesays.com\/fr\/wp-json\/wp\/v2\/types\/post"}],"author":[{"embeddable":true,"href":"https:\/\/www.europesays.com\/fr\/wp-json\/wp\/v2\/users\/2"}],"replies":[{"embeddable":true,"href":"https:\/\/www.europesays.com\/fr\/wp-json\/wp\/v2\/comments?post=569734"}],"version-history":[{"count":0,"href":"https:\/\/www.europesays.com\/fr\/wp-json\/wp\/v2\/posts\/569734\/revisions"}],"wp:featuredmedia":[{"embeddable":true,"href":"https:\/\/www.europesays.com\/fr\/wp-json\/wp\/v2\/media\/569735"}],"wp:attachment":[{"href":"https:\/\/www.europesays.com\/fr\/wp-json\/wp\/v2\/media?parent=569734"}],"wp:term":[{"taxonomy":"category","embeddable":true,"href":"https:\/\/www.europesays.com\/fr\/wp-json\/wp\/v2\/categories?post=569734"},{"taxonomy":"post_tag","embeddable":true,"href":"https:\/\/www.europesays.com\/fr\/wp-json\/wp\/v2\/tags?post=569734"}],"curies":[{"name":"wp","href":"https:\/\/api.w.org\/{rel}","templated":true}]}}