{"id":569742,"date":"2025-11-30T22:21:19","date_gmt":"2025-11-30T22:21:19","guid":{"rendered":"https:\/\/www.europesays.com\/fr\/569742\/"},"modified":"2025-11-30T22:21:19","modified_gmt":"2025-11-30T22:21:19","slug":"pres-de-rouen-des-usagers-de-la-patinoire-inquiets-de-sa-longue-fermeture","status":"publish","type":"post","link":"https:\/\/www.europesays.com\/fr\/569742\/","title":{"rendered":"pr\u00e8s de Rouen, des usagers de la patinoire inquiets de sa longue fermeture"},"content":{"rendered":"<p>                    Par<br \/>\n        <strong><br \/>\n            <a href=\"https:\/\/actu.fr\/auteur\/aurelien-delavaud\" title=\"Consulter tous les articles de Aur\u00e9lien Delavaud\" target=\"_blank\" rel=\"noopener\">Aur\u00e9lien Delavaud<\/a><br \/>\n                    <\/strong><\/p>\n<p>        Publi\u00e9 le<\/p>\n<p>            30 nov. 2025 \u00e0 21h54        <\/p>\n<p>\u00ab Il n\u2019y a toujours pas de date de r\u00e9ouverture, c\u2019est ce qui nous fait peur. On a pass\u00e9 la mi-novembre et \u00e7a ne d\u00e9marre toujours pas, on est dans le flou. \u00bb Depuis des semaines, tous les utilisateurs se posent la m\u00eame question : quand la <b>patinoire<\/b> du complexe de <b>L\u2019Oasis<\/b>, \u00e0 <a href=\"https:\/\/actu.fr\/normandie\/cleon_76178\" target=\"_blank\" rel=\"noopener\">Cl\u00e9on (Seine-Maritime)<\/a>, pourra-t-elle enfin rouvrir ? La diff\u00e9rence, c\u2019est que Pierre Lair, lui, repr\u00e9sente des dizaines de personnes. La petite centaine de licenci\u00e9s que comptent <b>Les Crocodiles de Cl\u00e9on<\/b>, le club de hockey sur glace local, en l\u2019occurrence. \u00ab Pour nous, c\u2019est un gros probl\u00e8me, parce qu\u2019on a d\u00e9j\u00e0 rat\u00e9 la rentr\u00e9e. On a perdu une trentaine d\u2019enfants cette ann\u00e9e, parce qu\u2019on ne savait pas si on allait pouvoir s\u2019entra\u00eener et jouer \u00bb, illustre le pr\u00e9sident du club. Et, selon nos informations, la situation ne va s\u2019\u00e9claircir rapidement.<\/p>\n<p>Le chantier n\u2019a pas encore commenc\u00e9<\/p>\n<p class=\" wall-content\">Pour comprendre le probl\u00e8me, il faut remonter \u00e0 l\u2019\u00e9t\u00e9 2025. C\u2019est \u00e0 ce moment que la M\u00e9tropole Rouen Normandie, propri\u00e9taire des lieux, annonce un <a href=\"https:\/\/actu.fr\/normandie\/cleon_76178\/ca-va-etre-la-quatrieme-en-quatre-ans-nouvelle-fermeture-forcee-pour-une-patinoire-pres-de-rouen_62963690.html\" target=\"_blank\" rel=\"noopener\">chantier d\u2019envergure pour consolider la charpente fragilis\u00e9e par l\u2019humidit\u00e9 dans le b\u00e2timent<\/a>. Dans les semaines suivantes, une premi\u00e8re intervention est r\u00e9alis\u00e9e pour contr\u00f4ler toute la visserie et les boulons. Puis, vers le mois d\u2019octobre 2025, une deuxi\u00e8me phase devait prendre le relais, pour injecter des produits cens\u00e9s renforcer les poutres en bois.<\/p>\n<p class=\" wall-content\">Selon nos informations, ces travaux n\u2019ont pas encore commenc\u00e9.<\/p>\n<blockquote class=\"ac-article-quote wall-content\">\n<p>Le march\u00e9 de travaux va \u00eatre notifi\u00e9 \u00e0 l\u2019entreprise attributaire pour la fin du mois de novembre et les interventions sont pr\u00e9vues sur deux mois.<\/p>\n<p>La M\u00e9tropole Rouen Normandie<\/p><\/blockquote>\n<p class=\" wall-content\">En comptant ce d\u00e9lai de travaux puis la remise en glace de la patinoire, \u00ab une r\u00e9ouverture du site est envisag\u00e9e fin f\u00e9vrier-d\u00e9but mars \u00bb, poursuit la M\u00e9tropole.<\/p>\n<p class=\" wall-content\">Des informations qui ne sont pas redescendues jusqu\u2019aux utilisateurs de la patinoire. \u00ab Mon interlocuteur, c\u2019est le gestionnaire de la patinoire et ils me disent qu\u2019ils n\u2019ont pas d\u2019infos \u00bb, regrette le pr\u00e9sident des Crocodiles.<\/p>\n<p class=\" wall-content\">Contact\u00e9, R\u00e9cr\u00e9a, le gestionnaire du site, confirme : \u00ab Pour le moment, nous n\u2019avons pas encore de date officielle de r\u00e9ouverture \u00e0 communiquer. \u00bb<\/p>\n<p>Un club \u00ab\u00a0sans patinoire fixe\u00a0\u00bb<\/p>\n<p class=\" wall-content\">Pour les hockeyeurs, l\u2019annonce de cette r\u00e9ouverture est forc\u00e9ment lointaine, mais elle fixera au moins un cap. D\u2019autant plus que pour pouvoir pratiquer leur sport favori, les Crocodiles vont devoir continuer \u00e0 s\u2019adapter pendant de longs mois.<\/p>\n<p>Votre r\u00e9gion, votre actu !<\/p>\n<p>Recevez chaque jour les infos qui comptent pour vous.<\/p>\n<p>\t<a href=\"https:\/\/actu.fr\/newsletter\" class=\"ac-btn ac-btn--corner ac-btn--medium ac-btn--blue800\" target=\"_blank\" rel=\"noopener\">S&rsquo;incrire<\/a><\/p>\n<p class=\" wall-content\">\u00ab On est des \u00a0\u00bbsans patinoire fixe\u00a0\u00bb, tente de s\u2019amuser Pierre Lair. On a r\u00e9ussi \u00e0 trouver un cr\u00e9neau pour s\u2019entra\u00eener \u00e0 la patinoire de Louviers, mais c\u2019est loin et le dimanche \u00e0 des heures pas tr\u00e8s pratiques. \u00bb<\/p>\n<p>    <img   decoding=\"async\" loading=\"lazy\" class=\"size-large\" src=\"https:\/\/www.europesays.com\/fr\/wp-content\/uploads\/2025\/11\/ee40a71650296e250a7165029b650av-768x640.jpg\" alt=\"Les Crocodiles de Cl\u00e9on se r\u00e9unissent pour s'entra\u00eener le mercredi... sur une patinoire sans glace.\" width=\"768\" height=\"640\"\/><br \/>\n    Les Crocodiles de Cl\u00e9on se r\u00e9unissent pour s\u2019entra\u00eener le mercredi\u2026 sur une patinoire sans glace. \u00a9Photo transmise par Pierre Lair<\/p>\n<p class=\" wall-content\">Heureusement, pour les matches de ses \u00e9quipes adultes et para-hockey, le pr\u00e9sident avait anticip\u00e9 la situation : \u00ab J\u2019avais demand\u00e9 \u00e0 la Ligue de jouer tous nos matches aller \u00e0 l\u2019ext\u00e9rieur jusqu\u2019\u00e0 janvier. \u00bb<\/p>\n<p class=\" wall-content\">Au vu du calendrier annonc\u00e9 par la M\u00e9tropole, il devra s\u00fbrement en faire autant pour la suite de la saison. \u00ab De toute fa\u00e7on, c\u2019est d\u00e9j\u00e0 une ann\u00e9e morte pour nous depuis qu\u2019on a rat\u00e9 la rentr\u00e9e \u00bb, assure-t-il.<\/p>\n<p class=\" wall-content\">Pire encore, Pierre Lair craint que cet arr\u00eat vienne fragiliser une dynamique positive pour le club. \u00ab \u00c7a met \u00e0 mal toutes les ann\u00e9es pr\u00e9c\u00e9dentes, on va devoir repartir de z\u00e9ro \u00bb, regrette-t-il.<\/p>\n<p class=\" wall-content\">Personnalisez votre actualit\u00e9 en ajoutant vos villes et m\u00e9dias en favori avec <a href=\"https:\/\/moncompte.actu.fr\" title=\"D\u00e9couvez Mon Actu\" rel=\"nofollow noopener\" data-trk=\"{&quot;cta&quot;:{&quot;action&quot;:&quot;https:\\\/\\\/moncompte.actu.fr&quot;,&quot;category&quot;:&quot;mon compte&quot;,&quot;from&quot;:&quot;article footer&quot;,&quot;name&quot;:&quot;Mon actu&quot;,&quot;type&quot;:&quot;cta&quot;}}\" target=\"_blank\">Mon Actu<\/a>.<\/p>\n","protected":false},"excerpt":{"rendered":"Par Aur\u00e9lien Delavaud Publi\u00e9 le 30 nov. 2025 \u00e0 21h54 \u00ab Il n\u2019y a toujours pas de date&hellip;\n","protected":false},"author":2,"featured_media":569743,"comment_status":"","ping_status":"","sticky":false,"template":"","format":"standard","meta":{"footnotes":""},"categories":[9587],"tags":[1111,11,1777,674,1011,27,9725,12,5161,25,9590,104],"class_list":{"0":"post-569742","1":"post","2":"type-post","3":"status-publish","4":"format-standard","5":"has-post-thumbnail","7":"category-rouen","8":"tag-actu","9":"tag-actualites","10":"tag-eu","11":"tag-europe","12":"tag-fr","13":"tag-france","14":"tag-metropole-rouen","15":"tag-news","16":"tag-normandie","17":"tag-republique-francaise","18":"tag-rouen","19":"tag-societe"},"share_on_mastodon":{"url":"https:\/\/pubeurope.com\/@fr\/115640985012997984","error":""},"_links":{"self":[{"href":"https:\/\/www.europesays.com\/fr\/wp-json\/wp\/v2\/posts\/569742","targetHints":{"allow":["GET"]}}],"collection":[{"href":"https:\/\/www.europesays.com\/fr\/wp-json\/wp\/v2\/posts"}],"about":[{"href":"https:\/\/www.europesays.com\/fr\/wp-json\/wp\/v2\/types\/post"}],"author":[{"embeddable":true,"href":"https:\/\/www.europesays.com\/fr\/wp-json\/wp\/v2\/users\/2"}],"replies":[{"embeddable":true,"href":"https:\/\/www.europesays.com\/fr\/wp-json\/wp\/v2\/comments?post=569742"}],"version-history":[{"count":0,"href":"https:\/\/www.europesays.com\/fr\/wp-json\/wp\/v2\/posts\/569742\/revisions"}],"wp:featuredmedia":[{"embeddable":true,"href":"https:\/\/www.europesays.com\/fr\/wp-json\/wp\/v2\/media\/569743"}],"wp:attachment":[{"href":"https:\/\/www.europesays.com\/fr\/wp-json\/wp\/v2\/media?parent=569742"}],"wp:term":[{"taxonomy":"category","embeddable":true,"href":"https:\/\/www.europesays.com\/fr\/wp-json\/wp\/v2\/categories?post=569742"},{"taxonomy":"post_tag","embeddable":true,"href":"https:\/\/www.europesays.com\/fr\/wp-json\/wp\/v2\/tags?post=569742"}],"curies":[{"name":"wp","href":"https:\/\/api.w.org\/{rel}","templated":true}]}}