{"id":569754,"date":"2025-11-30T22:31:32","date_gmt":"2025-11-30T22:31:32","guid":{"rendered":"https:\/\/www.europesays.com\/fr\/569754\/"},"modified":"2025-11-30T22:31:32","modified_gmt":"2025-11-30T22:31:32","slug":"strasbourg-rosenior-critique-avec-ses-joueurs-sports","status":"publish","type":"post","link":"https:\/\/www.europesays.com\/fr\/569754\/","title":{"rendered":"Strasbourg : Rosenior critique avec ses joueurs : Sports"},"content":{"rendered":"<p class=\"date\">\n                                                            Emmanuel LANGELLIER, Media365, publi\u00e9 le dimanche 30 novembre 2025 \u00e0 22h34\n                                                    <\/p>\n<p>Liam Rosenior n&rsquo;a pas aim\u00e9 la d\u00e9faite du RCSA \u00e0 domicile devant Brest (1-2), dimanche apr\u00e8s-midi. Il souhaite que ses joueurs changent de dimension.<\/p>\n<p>Petit \u00e0 petit, Strasbourg perd du terrain&#8230; Candidat aux premi\u00e8res places en d\u00e9but de championnat dans ce premier tiers de saison, Strasbourg est 7e au classement dimanche soir en attendant la performance de Lyon, qui peut doubler le club alsacien en cas de succ\u00e8s contre Nantes. Apr\u00e8s son revers \u00e0 Lens (0-1) le week-end dernier, Strasbourg a encore perdu, \u00e0 domicile cette fois devant le Stade Brestois (1-2).<\/p>\n<p>Les hommes de Liam Rosenior avaient pourtant id\u00e9alement commenc\u00e9 leur apr\u00e8s-midi en ouvrant le score d\u00e8s la 11e minute par Samuel Amo-Ameyaw. Ils ont craqu\u00e9 en seconde p\u00e9riode. Romain Del Castillo a \u00e9galis\u00e9 sur penalty (55e) et Hugo Magnetti a donn\u00e9 la victoire \u00e0 Brest en battant Mike Penders d&rsquo;une frappe splendide du pied droit (82e).<\/p>\n<p>Rosenior : \u00ab Je suis fatigu\u00e9 de dire que mon \u00e9quipe doit apprendre \u00bb<\/p>\n<p>\u00ab Il y a des erreurs qu&rsquo;on ne doit pas faire. J&rsquo;ai l&rsquo;impression de me r\u00e9p\u00e9ter chaque semaine. On doit prendre de meilleures d\u00e9cisions, faire de meilleurs choix. Quand on ne les fait pas, \u00e7a se paie cash \u00bb, a relev\u00e9 Diego Moreira. Apr\u00e8s cette 6e d\u00e9faite de la saison en Ligue 1, Rosenior s&rsquo;est montr\u00e9 lui passablement agac\u00e9. \u00ab Nous \u00e9tions totalement ma\u00eetres du jeu, nous avons tr\u00e8s bien jou\u00e9 en premi\u00e8re mi-temps. Je suis fatigu\u00e9 de dire que mon \u00e9quipe doit apprendre \u00bb, a l\u00e2ch\u00e9, d\u00e9pit\u00e9, le coach am\u00e9ricain. \u00ab En seconde p\u00e9riode, Brest a eu un peu de possession dans notre moiti\u00e9 de terrain, ils n&rsquo;ont pas tir\u00e9 au but et nous conc\u00e9dons un penalty ridicule, alors qu&rsquo;il n&rsquo;y avait aucun danger, a ajout\u00e9 Rosenior en pointant la faute d&rsquo;Amo-Ameyaw. \u00c7a suffit d&rsquo;apprendre, il est temps de mettre en pratique, je ne veux plus parler de na\u00efvet\u00e9 ou de jeunesse \u00bb a-t-il d\u00e9clar\u00e9.<\/p>\n<p>\u00ab Je ne d\u00e9nigre pas les bonnes choses que nous avons faites, je ne veux pas bl\u00e2mer les joueurs mais il est temps d&rsquo;avancer \u00bb, a conclu le technicien strasbourgeois de fa\u00e7on plus positive. Le RCSA tentera de r\u00e9agir \u00e0 Toulouse, samedi prochain (19h00), avant de recevoir Lorient (14 d\u00e9cembre) lors du dernier match de championnat de l&rsquo;ann\u00e9e.<\/p>\n","protected":false},"excerpt":{"rendered":"Emmanuel LANGELLIER, Media365, publi\u00e9 le dimanche 30 novembre 2025 \u00e0 22h34 Liam Rosenior n&rsquo;a pas aim\u00e9 la d\u00e9faite&hellip;\n","protected":false},"author":2,"featured_media":569755,"comment_status":"","ping_status":"","sticky":false,"template":"","format":"standard","meta":{"footnotes":""},"categories":[2820],"tags":[1111,11,1777,674,1011,27,775,12,25,640],"class_list":{"0":"post-569754","1":"post","2":"type-post","3":"status-publish","4":"format-standard","5":"has-post-thumbnail","7":"category-strasbourg","8":"tag-actu","9":"tag-actualites","10":"tag-eu","11":"tag-europe","12":"tag-fr","13":"tag-france","14":"tag-grand-est","15":"tag-news","16":"tag-republique-francaise","17":"tag-strasbourg"},"share_on_mastodon":{"url":"https:\/\/pubeurope.com\/@fr\/115641023473079951","error":""},"_links":{"self":[{"href":"https:\/\/www.europesays.com\/fr\/wp-json\/wp\/v2\/posts\/569754","targetHints":{"allow":["GET"]}}],"collection":[{"href":"https:\/\/www.europesays.com\/fr\/wp-json\/wp\/v2\/posts"}],"about":[{"href":"https:\/\/www.europesays.com\/fr\/wp-json\/wp\/v2\/types\/post"}],"author":[{"embeddable":true,"href":"https:\/\/www.europesays.com\/fr\/wp-json\/wp\/v2\/users\/2"}],"replies":[{"embeddable":true,"href":"https:\/\/www.europesays.com\/fr\/wp-json\/wp\/v2\/comments?post=569754"}],"version-history":[{"count":0,"href":"https:\/\/www.europesays.com\/fr\/wp-json\/wp\/v2\/posts\/569754\/revisions"}],"wp:featuredmedia":[{"embeddable":true,"href":"https:\/\/www.europesays.com\/fr\/wp-json\/wp\/v2\/media\/569755"}],"wp:attachment":[{"href":"https:\/\/www.europesays.com\/fr\/wp-json\/wp\/v2\/media?parent=569754"}],"wp:term":[{"taxonomy":"category","embeddable":true,"href":"https:\/\/www.europesays.com\/fr\/wp-json\/wp\/v2\/categories?post=569754"},{"taxonomy":"post_tag","embeddable":true,"href":"https:\/\/www.europesays.com\/fr\/wp-json\/wp\/v2\/tags?post=569754"}],"curies":[{"name":"wp","href":"https:\/\/api.w.org\/{rel}","templated":true}]}}