{"id":569758,"date":"2025-11-30T22:35:25","date_gmt":"2025-11-30T22:35:25","guid":{"rendered":"https:\/\/www.europesays.com\/fr\/569758\/"},"modified":"2025-11-30T22:35:25","modified_gmt":"2025-11-30T22:35:25","slug":"documentaire-lhexagonale-lautre-tour-de-france-a-velo-sport","status":"publish","type":"post","link":"https:\/\/www.europesays.com\/fr\/569758\/","title":{"rendered":"Documentaire. \u00ab\u00a0L\u2019Hexagonale\u00a0\u00bb, l\u2019autre tour de France \u00e0 v\u00e9lo . Sport"},"content":{"rendered":"<p>\u00a0Ce qu\u2019on n\u2019avait pas imagin\u00e9, c\u2019est que cela serait aussi \u00e9puisant\u00a0\u00bb. Pendant un mois, les cam\u00e9ras d\u2019Alexis Bercegeay et de S\u00e9bastien Courbet ont suivi  <a href=\"https:\/\/www.ouest-france.fr\/sport\/cyclisme\/\" target=\"_self\" rel=\"noopener\">\u00ab\u00a0L\u2019Hexagonale\u00a0\u00bb,<\/a>  <a href=\"https:\/\/www.ouest-france.fr\/sport\/cyclisme\/\" target=\"_self\" rel=\"noopener\"> ce projet un peu fou de traverser la France en empruntant le trac\u00e9 du Tour de 1924.<\/a> Un si\u00e8cle apr\u00e8s, six cyclistes ont aval\u00e9 5425 kilom\u00e8tres et dig\u00e9r\u00e9 52\u00a0000\u00a0m\u00e8tres de d\u00e9nivel\u00e9 selon le rythme des pionniers\u00a0: une journ\u00e9e de p\u00e9dalage, une journ\u00e9e de repos.<\/p>\n<p>\u00ab\u00a0Titanesque\u00a0\u00bb<\/p>\n<p>Ce projet \u00e9mane de Pierre Ferr\u00e9, un kin\u00e9 du Sud-Ouest, friand de sport et de d\u00e9fis pour le pratiquer. \u00a0Celui-ci \u00e9tait titanesque\u00a0\u00bb, admet le Nantais Alexis Bercegeay, issu du court-m\u00e9trage. Dans la roue des for\u00e7ats de la route, il a capt\u00e9 des arriv\u00e9es au bout de la nuit, des sc\u00e8nes de partage et de d\u00e9passement de soi. En longeant les contours de l\u2019Hexagone, le film d\u20191h30 fait des paysages une autre personne de cette odyss\u00e9e. Elle a \u00e9t\u00e9 lanc\u00e9e pour sensibiliser le grand public aux maladies masculines, du cancer de la prostate \u00e0 la d\u00e9pression. <strong> \u00a0Tout part d\u2019une bande de copains. Ce projet nous tient \u00e0 c\u0153ur et on veut lui donner de la visibilit\u00e9.\u00a0<\/strong><\/p>\n<p>Il est projet\u00e9 ce lundi soir, \u00e0 20h, au cin\u00e9ma UGC de <a href=\"https:\/\/nantes.maville.com\/info\/info-locale\/\" target=\"_self\" rel=\"noopener\">Nantes.<\/a><\/p>\n<p>\u00a0<\/p>\n","protected":false},"excerpt":{"rendered":"\u00a0Ce qu\u2019on n\u2019avait pas imagin\u00e9, c\u2019est que cela serait aussi \u00e9puisant\u00a0\u00bb. Pendant un mois, les cam\u00e9ras d\u2019Alexis Bercegeay&hellip;\n","protected":false},"author":2,"featured_media":569759,"comment_status":"","ping_status":"","sticky":false,"template":"","format":"standard","meta":{"footnotes":""},"categories":[2818],"tags":[1111,11,3809,1465,1777,674,63,1011,27,1792,1922,766,12,2636,25,479,517,1470],"class_list":{"0":"post-569758","1":"post","2":"type-post","3":"status-publish","4":"format-standard","5":"has-post-thumbnail","7":"category-nantes","8":"tag-actu","9":"tag-actualites","10":"tag-ball","11":"tag-basket","12":"tag-eu","13":"tag-europe","14":"tag-football","15":"tag-fr","16":"tag-france","17":"tag-handball","18":"tag-info","19":"tag-nantes","20":"tag-news","21":"tag-pays-de-la-loire","22":"tag-republique-francaise","23":"tag-rugby","24":"tag-sport","25":"tag-volley"},"share_on_mastodon":{"url":"https:\/\/pubeurope.com\/@fr\/115641039289189162","error":""},"_links":{"self":[{"href":"https:\/\/www.europesays.com\/fr\/wp-json\/wp\/v2\/posts\/569758","targetHints":{"allow":["GET"]}}],"collection":[{"href":"https:\/\/www.europesays.com\/fr\/wp-json\/wp\/v2\/posts"}],"about":[{"href":"https:\/\/www.europesays.com\/fr\/wp-json\/wp\/v2\/types\/post"}],"author":[{"embeddable":true,"href":"https:\/\/www.europesays.com\/fr\/wp-json\/wp\/v2\/users\/2"}],"replies":[{"embeddable":true,"href":"https:\/\/www.europesays.com\/fr\/wp-json\/wp\/v2\/comments?post=569758"}],"version-history":[{"count":0,"href":"https:\/\/www.europesays.com\/fr\/wp-json\/wp\/v2\/posts\/569758\/revisions"}],"wp:featuredmedia":[{"embeddable":true,"href":"https:\/\/www.europesays.com\/fr\/wp-json\/wp\/v2\/media\/569759"}],"wp:attachment":[{"href":"https:\/\/www.europesays.com\/fr\/wp-json\/wp\/v2\/media?parent=569758"}],"wp:term":[{"taxonomy":"category","embeddable":true,"href":"https:\/\/www.europesays.com\/fr\/wp-json\/wp\/v2\/categories?post=569758"},{"taxonomy":"post_tag","embeddable":true,"href":"https:\/\/www.europesays.com\/fr\/wp-json\/wp\/v2\/tags?post=569758"}],"curies":[{"name":"wp","href":"https:\/\/api.w.org\/{rel}","templated":true}]}}