{"id":569762,"date":"2025-11-30T22:37:26","date_gmt":"2025-11-30T22:37:26","guid":{"rendered":"https:\/\/www.europesays.com\/fr\/569762\/"},"modified":"2025-11-30T22:37:26","modified_gmt":"2025-11-30T22:37:26","slug":"les-voies-de-lhistorique-faisceau-ferroviaire-ont-presque-toutes-disparu","status":"publish","type":"post","link":"https:\/\/www.europesays.com\/fr\/569762\/","title":{"rendered":"les voies de l\u2019historique faisceau ferroviaire ont (presque) toutes disparu"},"content":{"rendered":"<p>        <img decoding=\"async\" id=\"26866497\" src=\"https:\/\/www.europesays.com\/fr\/wp-content\/uploads\/2025\/11\/infog-cessationsncf.jpg\" itemprop=\"contentURL\"\/><\/p>\n<p>SO<\/p>\n<p>        <img decoding=\"async\" id=\"26834490\" src=\"https:\/\/www.europesays.com\/fr\/wp-content\/uploads\/2025\/11\/annees-70-bordeaux-gare-dorleans-quartier-bastide.jpg\" alt=\"La gare d\u2019Orl\u00e9ans et le faisceau ferroviaire irriguant la Bastide en 1960.\" itemprop=\"contentURL\"\/><\/p>\n<p>    La gare d\u2019Orl\u00e9ans et le faisceau ferroviaire irriguant la Bastide en 1960.<\/p>\n<p>Collection particuli\u00e8re Patrice Durbain<\/p>\n<p>De ce faisceau, subsistait ces derni\u00e8res ann\u00e9es un sillon d\u2019une dizaine de voies au plus large entre le pont de la Sourici\u00e8re, \u00e0 la limite de Bordeaux et Cenon, jusqu\u2019\u00e0 l\u2019avenue Abadie. Pr\u00e8s de cette derni\u00e8re et <a href=\"https:\/\/www.sudouest.fr\/gironde\/begles\/metropole-bordelaise-73-hectares-sncf-a-reconquerir-3092958.php\" target=\"_blank\" rel=\"follow noopener\">dans le cadre d\u2019un processus de cession entre la SNCF et Bordeaux M\u00e9tropole (BM),<\/a> fini en 2018 sur 78\u00a0hectares de l\u2019agglom\u00e9ration, une premi\u00e8re petite parcelle \u00e9tait lib\u00e9r\u00e9e dans la foul\u00e9e dans le p\u00e9rim\u00e8tre de la <a href=\"https:\/\/www.bastideniel.fr\/\" target=\"_blank\" rel=\"nofollow noopener\">ZAC Bastide-Niel<\/a>. Cet automne, une nouvelle \u00e9tape est franchie rive droite avec la vente d\u20191,2\u00a0hectare \u00e0 BM pour 1,23\u00a0million d\u2019euros, entre le pont Bouthier et la rue Lajaunie.<\/p>\n<p>        <img decoding=\"async\" id=\"26255375\" src=\"https:\/\/www.europesays.com\/fr\/wp-content\/uploads\/2025\/11\/20251008170526-fcot981.jpg\" alt=\"Un chantier de 4,8\u00a0millions d\u2019euros r\u00e9alis\u00e9 cet automne 2025.\" itemprop=\"contentURL\"\/><\/p>\n<p>    Un chantier de 4,8\u00a0millions d\u2019euros r\u00e9alis\u00e9 cet automne 2025.<\/p>\n<p>Photo Fabien Cottereau\u00a0\/\u00a0SO<\/p>\n<p>    7\u00a0000\u00a0m de voies, 1\u00a0000 de traverses<\/p>\n<p>\u00ab\u00a0Depuis le 9\u00a0septembre, nous avons proc\u00e9d\u00e9 \u00e0 la d\u00e9pose des traverses et l\u2019\u00e9vacuation des remblais, \u00e0 la r\u00e9cup\u00e9ration du patrimoine constitu\u00e9 des appareils de man\u0153uvre et d\u2019aiguillage ou de signalisation m\u00e9canique\u00a0\u00bb, explique Boris Nicollet, le pilote de l\u2019op\u00e9ration pour <a href=\"https:\/\/www.sncf-reseau.com\/fr\" target=\"_blank\" rel=\"nofollow noopener\">SNCF R\u00e9seau<\/a>, ma\u00eetre d\u2019ouvrage de travaux sur 1,8\u00a0km et pr\u00e9alables \u00e0 la cession. \u00ab\u00a0Les traverses seront retrait\u00e9es, les cailloux revaloris\u00e9s dans la construction\u00a0\u00bb, ajoute le technicien. Le groupe NGE et ses filiales sont les ma\u00eetres d\u2019\u0153uvre d\u2019un chantier de 4,8\u00a0millions qui se terminera le 4\u00a0janvier. Quelque 7\u00a0000\u00a0m\u00e8tres de voies et 1\u00a0000 de traverses sont concern\u00e9s sur ce sillon (presque) d\u00e9saffect\u00e9.<\/p>\n<p>        <img decoding=\"async\" id=\"26255373\" src=\"https:\/\/www.europesays.com\/fr\/wp-content\/uploads\/2025\/11\/20251008170546-fcot98231.jpg\" alt=\"7\u00a0000\u00a0m de voies et 1\u00a0000 de traverses ont \u00e9t\u00e9 retir\u00e9es.\" itemprop=\"contentURL\"\/><\/p>\n<p>    7\u00a0000\u00a0m de voies et 1\u00a0000 de traverses ont \u00e9t\u00e9 retir\u00e9es.<\/p>\n<p>Photo Fabien Cottereau\u00a0\/\u00a0SO<\/p>\n<p>Presque, en effet\u00a0: depuis de nombreuses ann\u00e9es, un seul site industriel est encore raccord\u00e9 au faisceau. La minoterie des <a href=\"https:\/\/entreprise.grandsmoulinsdeparis.com\/meunier-depuis-1919\/notre-histoire\/\" target=\"_blank\" rel=\"nofollow noopener\">Grands moulins de Paris (GMP)<\/a>, depuis 1924 entre quai de Brazza, rue Cousteau et rue des Queyries, est approvisionn\u00e9e en bl\u00e9 chaque semaine via un train d\u2019une vingtaine de wagons. L\u2019entreprise, qui emploie une soixantaine de personnes, n\u2019a aucune intention de quitter le quartier et a toujours avanc\u00e9 les dizaines de camions qui remplaceraient cette desserte ferroviaire.<\/p>\n<p>        <img decoding=\"async\" id=\"15186809\" src=\"https:\/\/www.europesays.com\/fr\/wp-content\/uploads\/2025\/11\/1764542244_333_dambin.jpg\" alt=\"Le train de c\u00e9r\u00e9ales dans l\u2019enceinte des Grands Moulins de Paris en d\u00e9cembre 2017.\" itemprop=\"contentURL\"\/><\/p>\n<p>    Le train de c\u00e9r\u00e9ales dans l\u2019enceinte des Grands Moulins de Paris en d\u00e9cembre 2017.<\/p>\n<p>Thierry David\u00a0\/\u00a0SO<\/p>\n<p>    Le Mohican GMP<\/p>\n<p>\u00ab\u00a0Ce train hebdomadaire effectuait son \u2018\u2018t\u00eate \u00e0 queue\u2019\u2019 au-del\u00e0 du pont Bouthier vers la Garonne, un secteur c\u00e9d\u00e9 \u00e0 la ZAC Bastide-Niel\u00a0\u00bb, rappelle Boris Nicollet. \u00ab\u00a0Nous avons donc am\u00e9nag\u00e9 cette zone de retournement plus en amont sur deux voies de 600\u00a0m\u00e8tres environ.\u00a0\u00bb Sept semaines de coupure pour GMP et une desserte toute neuve pour ce d\u00e9but du mois de novembre. Au m\u00eame niveau, a \u00e9t\u00e9 am\u00e9nag\u00e9 un passage cendr\u00e9 pour pi\u00e9tons et v\u00e9los \u00e0 pied, entre rue des Queyries et le coll\u00e8ge Galin de l\u2019autre c\u00f4t\u00e9 de l\u2019emprise.<\/p>\n<p>        <img decoding=\"async\" id=\"26834566\" src=\"https:\/\/www.europesays.com\/fr\/wp-content\/uploads\/2025\/11\/bordeaux-brazza-bastide-23-novembre-2025-passage-amenage-entre-galin-et-rue-des-queyries.jpg\" alt=\"Le passage am\u00e9nag\u00e9 en ce mois de novembre entre le secteur Galin et la rue des Queyries.\" itemprop=\"contentURL\"\/><\/p>\n<p>    Le passage am\u00e9nag\u00e9 en ce mois de novembre entre le secteur Galin et la rue des Queyries.<\/p>\n<p>Y.D.<\/p>\n<p>Que va devenir le reste\u00a0? Bordeaux M\u00e9tropole y pr\u00e9voit d\u2019abord, \u00e0 l\u2019horizon 2029-2030, l\u2019un des passages de<a href=\"https:\/\/www.sudouest.fr\/gironde\/bordeaux\/bus-express-sur-les-boulevards-de-bordeaux-le-chapelet-des-chantiers-de-la-ligne-h-26354795.php\" target=\"_blank\" rel=\"follow noopener\"> la ligne de bus express\u00a0H<\/a> alors d\u00e9doubl\u00e9e. Depuis le pont Veil et le quai de la Souys, cette partie de ligne empruntera la tr\u00e9mie actuellement en construction sous le boulevard Joliot-Curie, le cours Le Rouzic prolong\u00e9 dans le nouveau quartier Bastide-Niel, cet axe ferroviaire lib\u00e9r\u00e9 le long de la rue des Queyries avant de rejoindre le pont Chaban. Entre Bastide et Brazza, est \u00e9galement imagin\u00e9e depuis\u2026 2010, <a href=\"https:\/\/www.sudouest.fr\/economie\/immobilier\/brazza-une-coulee-verte-sur-la-rive-droite-de-bordeaux-3219480.php\" target=\"_blank\" rel=\"follow noopener\">une \u00ab\u00a0coul\u00e9e verte\u00a0\u00bb pour pi\u00e9tons et v\u00e9los<\/a>\u00a0: la Brazzaligne.<\/p>\n<p>Flou sur la Brazzaligne<\/p>\n<p>Le flou semble dominer sur le sujet\u00a0: Bordeaux M\u00e9tropole n\u2019a pas de nouvelles \u00e0 donner alors que l\u2019emprise est d\u00e9sormais lib\u00e9r\u00e9e et acquise , et que depuis deux ans le d\u00e9but de cette Brazzaligne est r\u00e9alis\u00e9 c\u00f4t\u00e9 Cenon avec <a href=\"https:\/\/www.sudouest.fr\/politique\/urbanisme\/gironde-la-place-de-la-demi-lune-premier-jalon-de-la-brazzaligne-a-cenon-16496313.php\" target=\"_blank\" rel=\"follow noopener\">la place de la Demi-Lune.<\/a> Hormis le petit passage entre Queyries et Brazza d\u00e9j\u00e0 cit\u00e9, cette saign\u00e9e urbaine jadis perfusion \u00e9conomique risque de rester encore longtemps un obstacle entre les deux quartiers.<\/p>\n<p>        <img decoding=\"async\" id=\"26834574\" src=\"https:\/\/www.europesays.com\/fr\/wp-content\/uploads\/2025\/11\/bordeaux-bastide-niel-18-novembre-2025-faisceau-ferroviaire-cede-par-la-sncf-a-la-sas-bastide-niel.j.jpeg\" alt=\"L\u2019emprise ferroviaire c\u00e9d\u00e9e \u00e0 la ZAC Bastide-Niel, futur site de logements, commerces et groupe scolaire.\" itemprop=\"contentURL\"\/><\/p>\n<p>    L\u2019emprise ferroviaire c\u00e9d\u00e9e \u00e0 la ZAC Bastide-Niel, futur site de logements, commerces et groupe scolaire.<\/p>\n<p>Y.D.\u00a0\/\u00a0SO<\/p>\n","protected":false},"excerpt":{"rendered":"SO La gare d\u2019Orl\u00e9ans et le faisceau ferroviaire irriguant la Bastide en 1960. Collection particuli\u00e8re Patrice Durbain De&hellip;\n","protected":false},"author":2,"featured_media":569763,"comment_status":"","ping_status":"","sticky":false,"template":"","format":"standard","meta":{"footnotes":""},"categories":[2817],"tags":[1111,11,1997,1777,674,1011,27,12,2219,25],"class_list":{"0":"post-569762","1":"post","2":"type-post","3":"status-publish","4":"format-standard","5":"has-post-thumbnail","7":"category-bordeaux","8":"tag-actu","9":"tag-actualites","10":"tag-bordeaux","11":"tag-eu","12":"tag-europe","13":"tag-fr","14":"tag-france","15":"tag-news","16":"tag-nouvelle-aquitaine","17":"tag-republique-francaise"},"share_on_mastodon":{"url":"https:\/\/pubeurope.com\/@fr\/115641049017089439","error":""},"_links":{"self":[{"href":"https:\/\/www.europesays.com\/fr\/wp-json\/wp\/v2\/posts\/569762","targetHints":{"allow":["GET"]}}],"collection":[{"href":"https:\/\/www.europesays.com\/fr\/wp-json\/wp\/v2\/posts"}],"about":[{"href":"https:\/\/www.europesays.com\/fr\/wp-json\/wp\/v2\/types\/post"}],"author":[{"embeddable":true,"href":"https:\/\/www.europesays.com\/fr\/wp-json\/wp\/v2\/users\/2"}],"replies":[{"embeddable":true,"href":"https:\/\/www.europesays.com\/fr\/wp-json\/wp\/v2\/comments?post=569762"}],"version-history":[{"count":0,"href":"https:\/\/www.europesays.com\/fr\/wp-json\/wp\/v2\/posts\/569762\/revisions"}],"wp:featuredmedia":[{"embeddable":true,"href":"https:\/\/www.europesays.com\/fr\/wp-json\/wp\/v2\/media\/569763"}],"wp:attachment":[{"href":"https:\/\/www.europesays.com\/fr\/wp-json\/wp\/v2\/media?parent=569762"}],"wp:term":[{"taxonomy":"category","embeddable":true,"href":"https:\/\/www.europesays.com\/fr\/wp-json\/wp\/v2\/categories?post=569762"},{"taxonomy":"post_tag","embeddable":true,"href":"https:\/\/www.europesays.com\/fr\/wp-json\/wp\/v2\/tags?post=569762"}],"curies":[{"name":"wp","href":"https:\/\/api.w.org\/{rel}","templated":true}]}}