{"id":569774,"date":"2025-11-30T22:44:13","date_gmt":"2025-11-30T22:44:13","guid":{"rendered":"https:\/\/www.europesays.com\/fr\/569774\/"},"modified":"2025-11-30T22:44:13","modified_gmt":"2025-11-30T22:44:13","slug":"narcotrafic-a-marseille-des-victimes-de-plus-en-plus-jeunes","status":"publish","type":"post","link":"https:\/\/www.europesays.com\/fr\/569774\/","title":{"rendered":"Narcotrafic \u00e0 Marseille : des victimes de plus en plus jeunes"},"content":{"rendered":"<p class=\"jsx-4058425199 jsx-2164199691 ExpandableText__Text\">\u00c0 Marseille, un adolescent de quinze ans a \u00e9t\u00e9 tu\u00e9 vendredi et le mode op\u00e9ratoire semble d\u00e9sign\u00e9, le narcotrafic. Les tueurs ont br\u00fbl\u00e9 le corps de leur victime, des victimes de plus en plus jeunes, tout comme les auteurs de crimes. En 2024, un quart  des personnes \u00e9crou\u00e9es pour assassinats ou tentatives d&rsquo;assassinat \u00e9taient \u00e2g\u00e9es de moins de 20 ans. Mercredi soir, un autre jeune de 18 ans avait d\u00e9j\u00e0 perdu la vie, abattu de quatre balles dans le dos en plein centre-ville de Marseille.<\/p>\n<p>Lire plusReplier<\/p>\n","protected":false},"excerpt":{"rendered":"\u00c0 Marseille, un adolescent de quinze ans a \u00e9t\u00e9 tu\u00e9 vendredi et le mode op\u00e9ratoire semble d\u00e9sign\u00e9, le&hellip;\n","protected":false},"author":2,"featured_media":569775,"comment_status":"","ping_status":"","sticky":false,"template":"","format":"standard","meta":{"footnotes":""},"categories":[2814],"tags":[1111,11,2951,2950,1777,674,1011,27,2954,66493,2952,884,12,882,25,887,133,2953,2949],"class_list":{"0":"post-569774","1":"post","2":"type-post","3":"status-publish","4":"format-standard","5":"has-post-thumbnail","7":"category-marseille","8":"tag-actu","9":"tag-actualites","10":"tag-criminalite","11":"tag-delinquance","12":"tag-eu","13":"tag-europe","14":"tag-fr","15":"tag-france","16":"tag-justice-et-faits-divers","17":"tag-la-france-en-proie-au-narcotrafic","18":"tag-le-20h","19":"tag-marseille","20":"tag-news","21":"tag-provence-alpes-cote-dazur","22":"tag-republique-francaise","23":"tag-trafic-de-drogue","24":"tag-video","25":"tag-video-police","26":"tag-violences"},"share_on_mastodon":{"url":"https:\/\/pubeurope.com\/@fr\/115641074517140774","error":""},"_links":{"self":[{"href":"https:\/\/www.europesays.com\/fr\/wp-json\/wp\/v2\/posts\/569774","targetHints":{"allow":["GET"]}}],"collection":[{"href":"https:\/\/www.europesays.com\/fr\/wp-json\/wp\/v2\/posts"}],"about":[{"href":"https:\/\/www.europesays.com\/fr\/wp-json\/wp\/v2\/types\/post"}],"author":[{"embeddable":true,"href":"https:\/\/www.europesays.com\/fr\/wp-json\/wp\/v2\/users\/2"}],"replies":[{"embeddable":true,"href":"https:\/\/www.europesays.com\/fr\/wp-json\/wp\/v2\/comments?post=569774"}],"version-history":[{"count":0,"href":"https:\/\/www.europesays.com\/fr\/wp-json\/wp\/v2\/posts\/569774\/revisions"}],"wp:featuredmedia":[{"embeddable":true,"href":"https:\/\/www.europesays.com\/fr\/wp-json\/wp\/v2\/media\/569775"}],"wp:attachment":[{"href":"https:\/\/www.europesays.com\/fr\/wp-json\/wp\/v2\/media?parent=569774"}],"wp:term":[{"taxonomy":"category","embeddable":true,"href":"https:\/\/www.europesays.com\/fr\/wp-json\/wp\/v2\/categories?post=569774"},{"taxonomy":"post_tag","embeddable":true,"href":"https:\/\/www.europesays.com\/fr\/wp-json\/wp\/v2\/tags?post=569774"}],"curies":[{"name":"wp","href":"https:\/\/api.w.org\/{rel}","templated":true}]}}