{"id":569776,"date":"2025-11-30T22:45:23","date_gmt":"2025-11-30T22:45:23","guid":{"rendered":"https:\/\/www.europesays.com\/fr\/569776\/"},"modified":"2025-11-30T22:45:23","modified_gmt":"2025-11-30T22:45:23","slug":"un-debut-de-semaine-nuageux-avec-des-pluies-annoncees-a-lyon","status":"publish","type":"post","link":"https:\/\/www.europesays.com\/fr\/569776\/","title":{"rendered":"Un d\u00e9but de semaine nuageux avec des pluies annonc\u00e9es \u00e0 Lyon"},"content":{"rendered":"<p class=\"content\" style=\"font-size:1.2em;font-weight:700\">Un temps maussade est attendu pour les trois premiers jours du mois de d\u00e9cembre \u00e0 Lyon et dans l&rsquo;ensemble de sa m\u00e9tropole. Lyon Capitale fait le point.<\/p>\n<p>Les premiers jours du mois de d\u00e9cembre s&rsquo;annoncent frais. Tr\u00e8s frais. Ce lundi 1er d\u00e9cembre, retour vers un temps plus sec mais brumeux, selon <a href=\"https:\/\/www.meteo-lyon.net\/previsions\" target=\"_blank\" rel=\"noreferrer noopener\">M\u00e9t\u00e9o-Lyon<\/a>. Des nuages bas devraient persister tout au long de la journ\u00e9e et emp\u00eacher le soleil de se montrer. C\u00f4t\u00e9 temp\u00e9ratures, les maximales ne d\u00e9passeront pas les 7 degr\u00e9s. <\/p>\n<p>Mardi, le temps se g\u00e2te. Les nuages devraient dominer durant l&rsquo;ensemble de la journ\u00e9e, et quelques pluies faibles \u00e0 mod\u00e9r\u00e9es devraient m\u00eame s&rsquo;abattre sur la ville en tout d\u00e9but de soir\u00e9e. Les temp\u00e9ratures s&rsquo;adouciront un peu, avec des minimales \u00e0 1 degr\u00e9 et des maximales allant \u00e0 12 degr\u00e9s dans l&rsquo;apr\u00e8s-midi. Attention tout de m\u00eame \u00e0 un vent du sud pouvant atteindre les 20 km\/h. <\/p>\n<p>La journ\u00e9e du mercredi 3 d\u00e9cembre ne devrait pas voir d&rsquo;am\u00e9lioration, puisque des pluies faibles sont attendues tout le d\u00e9but de journ\u00e9e, avant une accalmie en fin d&rsquo;apr\u00e8s-midi. Le mercure lui devrait osciller entre 6 et 7 degr\u00e9s. <\/p>\n","protected":false},"excerpt":{"rendered":"Un temps maussade est attendu pour les trois premiers jours du mois de d\u00e9cembre \u00e0 Lyon et dans&hellip;\n","protected":false},"author":2,"featured_media":150656,"comment_status":"","ping_status":"","sticky":false,"template":"","format":"standard","meta":{"footnotes":""},"categories":[1889],"tags":[1111,11,2430,1777,674,1011,27,2428,55015,12,25,2429],"class_list":{"0":"post-569776","1":"post","2":"type-post","3":"status-publish","4":"format-standard","5":"has-post-thumbnail","7":"category-lyon","8":"tag-actu","9":"tag-actualites","10":"tag-auvergne-rhone-alpes","11":"tag-eu","12":"tag-europe","13":"tag-fr","14":"tag-france","15":"tag-lyon","16":"tag-meteo-automne-lyon","17":"tag-news","18":"tag-republique-francaise","19":"tag-rhone"},"share_on_mastodon":{"url":"https:\/\/pubeurope.com\/@fr\/115641078826936522","error":""},"_links":{"self":[{"href":"https:\/\/www.europesays.com\/fr\/wp-json\/wp\/v2\/posts\/569776","targetHints":{"allow":["GET"]}}],"collection":[{"href":"https:\/\/www.europesays.com\/fr\/wp-json\/wp\/v2\/posts"}],"about":[{"href":"https:\/\/www.europesays.com\/fr\/wp-json\/wp\/v2\/types\/post"}],"author":[{"embeddable":true,"href":"https:\/\/www.europesays.com\/fr\/wp-json\/wp\/v2\/users\/2"}],"replies":[{"embeddable":true,"href":"https:\/\/www.europesays.com\/fr\/wp-json\/wp\/v2\/comments?post=569776"}],"version-history":[{"count":0,"href":"https:\/\/www.europesays.com\/fr\/wp-json\/wp\/v2\/posts\/569776\/revisions"}],"wp:featuredmedia":[{"embeddable":true,"href":"https:\/\/www.europesays.com\/fr\/wp-json\/wp\/v2\/media\/150656"}],"wp:attachment":[{"href":"https:\/\/www.europesays.com\/fr\/wp-json\/wp\/v2\/media?parent=569776"}],"wp:term":[{"taxonomy":"category","embeddable":true,"href":"https:\/\/www.europesays.com\/fr\/wp-json\/wp\/v2\/categories?post=569776"},{"taxonomy":"post_tag","embeddable":true,"href":"https:\/\/www.europesays.com\/fr\/wp-json\/wp\/v2\/tags?post=569776"}],"curies":[{"name":"wp","href":"https:\/\/api.w.org\/{rel}","templated":true}]}}