{"id":569783,"date":"2025-11-30T22:52:24","date_gmt":"2025-11-30T22:52:24","guid":{"rendered":"https:\/\/www.europesays.com\/fr\/569783\/"},"modified":"2025-11-30T22:52:24","modified_gmt":"2025-11-30T22:52:24","slug":"municipales-2026-le-risque-de-majorites-relatives-angle-mort-de-la-loi-paris-lyon-marseille","status":"publish","type":"post","link":"https:\/\/www.europesays.com\/fr\/569783\/","title":{"rendered":"Municipales 2026\u00a0:\u00a0le risque de majorit\u00e9s relatives, angle mort de la loi Paris-Lyon-Marseille"},"content":{"rendered":"<p>\n    <strong>D\u00c9CRYPTAGE<\/strong> &#8211; R\u00e9form\u00e9 par les d\u00e9put\u00e9s, le mode de scrutin\u00a0dans les trois plus grandes villes de France ne garantit plus une majorit\u00e9 \u00e9crasante pour la liste victorieuse.<\/p>\n<p class=\"fig-paragraph\">L\u2019objectif de\u00a0<a href=\"http:\/\/www.lefigaro.fr\/politique\/loi-plm-qui-aurait-ete-elu-maire-a-paris-lyon-et-marseille-en-2020-avec-le-nouveau-mode-de-scrutin-20250710\" data-fig-type=\"Article\" data-gtm-custom-categorie=\"navigation\" data-gtm-custom-action=\"crossclick\" data-gtm-custom-label=\"Contextuel\" data-gtm-event=\"customEventSPE\" data-fig-domain=\"LEFIGARO\" target=\"_blank\" rel=\"noopener\">la nouvelle loi PLM<\/a>, promulgu\u00e9e le 11 ao\u00fbt dernier, \u00e9tait simple\u00a0: aligner le mode de scrutin municipal \u00e0 Paris, Lyon et Marseille sur celui\u00a0des autres communes fran\u00e7aises. D\u00e9sormais, en parall\u00e8le de l\u2019\u00e9lection \u00e0\u00a0l\u2019\u00e9chelle de leur arrondissement ou de leur secteur, les \u00e9lecteurs des trois\u00a0plus grandes villes de France voteront \u00e9galement pour la mairie centrale.\u00a0Mais en voulant r\u00e9parer ce qu\u2019ils percevaient comme une \u00abanomalie\u00a0d\u00e9mocratique\u00bb, les partisans du texte \u2013 LFI, RN, Renaissance et MoDem \u2013\u00a0ont consacr\u00e9 une nouvelle d\u00e9rogation au droit commun.<\/p>\n<p class=\"fig-paragraph\">\u00c0 Paris, Lyon et Marseille, la liste qui s\u2019imposera au second tour des\u00a0\u00e9lections municipales, le 22 mars 2026, obtiendra une prime majoritaire de\u00a025% des si\u00e8ges et le reste sera attribu\u00e9 \u00e0 la proportionnelle \u2013 le m\u00eame fonctionnement qu\u2019aux \u00e9lections r\u00e9gionales. Pourtant, cette prime est de\u00a050% dans les autres communes, ce qui garantit une confortable majorit\u00e9\u00a0au vainqueur, m\u00eame quand il l\u2019emporte dans un mouchoir de poche\u2026<\/p>\n<p class=\"fig-premium-paywall__infos\">\n        Cet article est r\u00e9serv\u00e9 aux abonn\u00e9s.        Il vous reste 76% \u00e0 d\u00e9couvrir.\n    <\/p>\n<p>                <img  data- alt=\"Le Figaro\" class=\"fig-img--complete fig-img\"\/><\/p>\n<p class=\"fig-premium-paywall__title\">Black Friday : derniers jours<\/p>\n<p class=\"fig-premium-paywall__subtitle\">-70% sur l&rsquo;abonnement num\u00e9rique<\/p>\n<p class=\"fig-premium-paywall__connect\">\n                D\u00e9j\u00e0 abonn\u00e9\u00a0?                <a class=\"fig-premium-paywall__connect-link\" href=\"https:\/\/connect.lefigaro.fr\/login?client=horizon_web&amp;type=main&amp;redirect_uri=https%3A%2F%2Fwww.lefigaro.fr%2Felections%2Fmunicipales%2Fmunicipales-2026-le-risque-de-majorites-relatives-angle-mort-de-la-loi-paris-lyon-marseille-20251130\" data-js-gtm=\"{&quot;customCategorie&quot;: &quot;conversion&quot;, &quot;customAction&quot;: &quot;before_Landing_Connexion_paywall_auto&quot;, &quot;customLabel&quot;: &quot;bGVmaWdhcm8uZnJfXzFmMGNkZGNhLWFlMzQtNjc2YS04NzYwLTMzMjkwN2U2YWQxYl9fQXJ0aWNsZQ==_Municipales 2026\u00a0:\u00a0le risque de majorit\u00e9s relatives, angle mort de la loi Paris-Lyon-Marseille_426&quot;, &quot;customIDSPE&quot;: &quot;bGVmaWdhcm8uZnJfXzFmMGNkZGNhLWFlMzQtNjc2YS04NzYwLTMzMjkwN2U2YWQxYl9fQXJ0aWNsZQ==&quot;, &quot;event&quot;: &quot;customEventSPE&quot;}\" target=\"_blank\" rel=\"noopener\"><br \/>\n                    Connectez-vous<br \/>\n                <\/a>\n            <\/p>\n","protected":false},"excerpt":{"rendered":"D\u00c9CRYPTAGE &#8211; R\u00e9form\u00e9 par les d\u00e9put\u00e9s, le mode de scrutin\u00a0dans les trois plus grandes villes de France ne&hellip;\n","protected":false},"author":2,"featured_media":569784,"comment_status":"","ping_status":"","sticky":false,"template":"","format":"standard","meta":{"footnotes":""},"categories":[1888],"tags":[1111,1928,11,1927,1777,674,1011,27,2428,884,3554,12,1926,626,1925,25],"class_list":{"0":"post-569783","1":"post","2":"type-post","3":"status-publish","4":"format-standard","5":"has-post-thumbnail","7":"category-paris","8":"tag-actu","9":"tag-actu-paris","10":"tag-actualites","11":"tag-actualites-paris","12":"tag-eu","13":"tag-europe","14":"tag-fr","15":"tag-france","16":"tag-lyon","17":"tag-marseille","18":"tag-municipales","19":"tag-news","20":"tag-news-paris","21":"tag-paris","22":"tag-paris-news","23":"tag-republique-francaise"},"share_on_mastodon":{"url":"https:\/\/pubeurope.com\/@fr\/115641106425733174","error":""},"_links":{"self":[{"href":"https:\/\/www.europesays.com\/fr\/wp-json\/wp\/v2\/posts\/569783","targetHints":{"allow":["GET"]}}],"collection":[{"href":"https:\/\/www.europesays.com\/fr\/wp-json\/wp\/v2\/posts"}],"about":[{"href":"https:\/\/www.europesays.com\/fr\/wp-json\/wp\/v2\/types\/post"}],"author":[{"embeddable":true,"href":"https:\/\/www.europesays.com\/fr\/wp-json\/wp\/v2\/users\/2"}],"replies":[{"embeddable":true,"href":"https:\/\/www.europesays.com\/fr\/wp-json\/wp\/v2\/comments?post=569783"}],"version-history":[{"count":0,"href":"https:\/\/www.europesays.com\/fr\/wp-json\/wp\/v2\/posts\/569783\/revisions"}],"wp:featuredmedia":[{"embeddable":true,"href":"https:\/\/www.europesays.com\/fr\/wp-json\/wp\/v2\/media\/569784"}],"wp:attachment":[{"href":"https:\/\/www.europesays.com\/fr\/wp-json\/wp\/v2\/media?parent=569783"}],"wp:term":[{"taxonomy":"category","embeddable":true,"href":"https:\/\/www.europesays.com\/fr\/wp-json\/wp\/v2\/categories?post=569783"},{"taxonomy":"post_tag","embeddable":true,"href":"https:\/\/www.europesays.com\/fr\/wp-json\/wp\/v2\/tags?post=569783"}],"curies":[{"name":"wp","href":"https:\/\/api.w.org\/{rel}","templated":true}]}}