{"id":569789,"date":"2025-11-30T22:55:14","date_gmt":"2025-11-30T22:55:14","guid":{"rendered":"https:\/\/www.europesays.com\/fr\/569789\/"},"modified":"2025-11-30T22:55:14","modified_gmt":"2025-11-30T22:55:14","slug":"comment-la-russie-contourne-t-elle-les-sanctions","status":"publish","type":"post","link":"https:\/\/www.europesays.com\/fr\/569789\/","title":{"rendered":"Comment la Russie contourne-t-elle les sanctions ?"},"content":{"rendered":"<p class=\"jsx-4058425199 jsx-2164199691 ExpandableText__Text\">Aujourd&rsquo;hui, le Kremlin s&rsquo;attache surtout \u00e0 montrer \u00e0 l&rsquo;Occident qu&rsquo;il peut parfaitement se passer de lui et contourner les effets des sanctions. Gr\u00e2ce \u00e0 l&rsquo;argent du p\u00e9trole, l&rsquo;industrie de l&rsquo;armement s&rsquo;est d\u00e9velopp\u00e9e \u00e0 marche forc\u00e9e. D&rsquo;autres secteurs,  beaucoup moins strat\u00e9giques, sont eux aussi pass\u00e9s en \u00e9conomie de guerre. Dans les rayons d&rsquo;un supermarch\u00e9 appartenant \u00e0 un groupe fran\u00e7ais, par exemple, les produits occidentaux sont expos\u00e9s avec leurs copies russes, qui sont en moyenne 30% moins ch\u00e8res.<\/p>\n<p>Lire plusReplier<\/p>\n","protected":false},"excerpt":{"rendered":"Aujourd&rsquo;hui, le Kremlin s&rsquo;attache surtout \u00e0 montrer \u00e0 l&rsquo;Occident qu&rsquo;il peut parfaitement se passer de lui et contourner&hellip;\n","protected":false},"author":2,"featured_media":569790,"comment_status":"","ping_status":"","sticky":false,"template":"","format":"standard","meta":{"footnotes":""},"categories":[1591],"tags":[11,5925,1887,2952,12,1885,1886,132,133,1920],"class_list":{"0":"post-569789","1":"post","2":"type-post","3":"status-publish","4":"format-standard","5":"has-post-thumbnail","7":"category-russie","8":"tag-actualites","9":"tag-conflits-et-guerre","10":"tag-federation-de-russie","11":"tag-le-20h","12":"tag-news","13":"tag-russia","14":"tag-russian-federation","15":"tag-russie","16":"tag-video","17":"tag-video-international"},"share_on_mastodon":{"url":"https:\/\/pubeurope.com\/@fr\/115641117999601467","error":""},"_links":{"self":[{"href":"https:\/\/www.europesays.com\/fr\/wp-json\/wp\/v2\/posts\/569789","targetHints":{"allow":["GET"]}}],"collection":[{"href":"https:\/\/www.europesays.com\/fr\/wp-json\/wp\/v2\/posts"}],"about":[{"href":"https:\/\/www.europesays.com\/fr\/wp-json\/wp\/v2\/types\/post"}],"author":[{"embeddable":true,"href":"https:\/\/www.europesays.com\/fr\/wp-json\/wp\/v2\/users\/2"}],"replies":[{"embeddable":true,"href":"https:\/\/www.europesays.com\/fr\/wp-json\/wp\/v2\/comments?post=569789"}],"version-history":[{"count":0,"href":"https:\/\/www.europesays.com\/fr\/wp-json\/wp\/v2\/posts\/569789\/revisions"}],"wp:featuredmedia":[{"embeddable":true,"href":"https:\/\/www.europesays.com\/fr\/wp-json\/wp\/v2\/media\/569790"}],"wp:attachment":[{"href":"https:\/\/www.europesays.com\/fr\/wp-json\/wp\/v2\/media?parent=569789"}],"wp:term":[{"taxonomy":"category","embeddable":true,"href":"https:\/\/www.europesays.com\/fr\/wp-json\/wp\/v2\/categories?post=569789"},{"taxonomy":"post_tag","embeddable":true,"href":"https:\/\/www.europesays.com\/fr\/wp-json\/wp\/v2\/tags?post=569789"}],"curies":[{"name":"wp","href":"https:\/\/api.w.org\/{rel}","templated":true}]}}