{"id":569791,"date":"2025-11-30T22:56:15","date_gmt":"2025-11-30T22:56:15","guid":{"rendered":"https:\/\/www.europesays.com\/fr\/569791\/"},"modified":"2025-11-30T22:56:15","modified_gmt":"2025-11-30T22:56:15","slug":"volodymyr-zelensky-recu-par-emmanuel-macron-ce-lundi-a-paris-2-semaines-apres-sa-derniere-visite","status":"publish","type":"post","link":"https:\/\/www.europesays.com\/fr\/569791\/","title":{"rendered":"Volodymyr Zelensky re\u00e7u par Emmanuel Macron ce lundi \u00e0 Paris, 2 semaines apr\u00e8s sa derni\u00e8re visite"},"content":{"rendered":"<ul class=\"jsx-862013697 ArticleChapo__List\">\n<li class=\"jsx-862013697 ArticleChapo__List_Item flex\">Deux semaines seulement apr\u00e8s leur derni\u00e8re rencontre, Emmanuel Macron et Volodymyr Zelensky se retrouvent \u00e0 l&rsquo;\u00c9lys\u00e9e, lundi 1\u1d49\u02b3 d\u00e9cembre.<\/li>\n<li class=\"jsx-862013697 ArticleChapo__List_Item flex\">Pour ce d\u00e9placement en France, sa 10\u1d49 visite depuis le d\u00e9but de la guerre, le pr\u00e9sident ukrainien sera accompagn\u00e9 de la Premi\u00e8re dame Olena Zelenska.<\/li>\n<li class=\"jsx-862013697 ArticleChapo__List_Item flex\">Voici le programme de leur venue \u00e0 Paris.<\/li>\n<\/ul>\n<p><a href=\"https:\/\/www.tf1info.fr\/actualite\/guerre-ukraine-russie-une-rencontre-donald-trump-vladimir-poutine-historique-le-vendredi-15-aout-2025-en-alaska-sans-volodymyr-zelensky-14326\/\" rel=\"noopener\" class=\"jsx-484472199 Link jsx-1428418400 jsx-554215408\" target=\"_blank\"><\/p>\n<p style=\"font-weight:400\" class=\"jsx-1837267516\">Suivez la couverture compl\u00e8te<\/p>\n<p style=\"font-weight:800\" class=\"jsx-1837267516\">Ukraine-Russie : la perspective de n\u00e9gociations relanc\u00e9e ?<\/p>\n<p><\/a><\/p>\n<p data-module=\"article-paragraph\" class=\"jsx-3046738180 Paragraph\">Volodymyr Zelensky est d\u00e9j\u00e0 de retour en France. Deux semaines apr\u00e8s la signature d&rsquo;une lettre d&rsquo;intention <a href=\"https:\/\/www.tf1info.fr\/international\/nous-sommes-tres-heureux-sur-lci-volodymyr-zelensky-salue-l-accord-pour-l-achat-de-100-avions-rafale-a-la-france-2407180.html\" target=\"_blank\" rel=\"noopener\">en vue du futur achat de 100 Rafale par Kiev<\/a>, le pr\u00e9sident ukrainien fait une nouvelle fois \u00e9tape \u00e0 Paris, lundi 1\u1d49\u02b3 d\u00e9cembre, pour <a href=\"https:\/\/www.tf1info.fr\/international\/direct-video-volodymyr-zelensky-a-assemblee-nationale-suivez-le-discours-du-president-ukrainien-devant-les-deputes-2302876.html\" target=\"_blank\" rel=\"noopener\">sa 10\u1d49 visite sur le sol fran\u00e7ais<\/a> depuis le d\u00e9but de la guerre en Ukraine, le 24 f\u00e9vrier 2022. Il va \u00eatre re\u00e7u par Emmanuel Macron, qui l&rsquo;a invit\u00e9 \u00e0 l&rsquo;\u00c9lys\u00e9e.<\/p>\n<p data-module=\"article-paragraph\" class=\"jsx-3046738180 Paragraph Paragraph__End\">Il sera accueilli \u00e0 partir de 10h par son alli\u00e9 fran\u00e7ais dans la cour du palais pr\u00e9sidentiel. Les deux chefs d&rsquo;\u00c9tat vont faire une d\u00e9claration \u00e0 la presse sur le perron avant de se retirer pour un entretien bilat\u00e9ral annonc\u00e9 \u00e0 10h30.<\/p>\n<p data-module=\"article-paragraph\" class=\"jsx-3046738180 Paragraph Paragraph__End\">\u00ab\u00a0Les deux dirigeants \u00e9changeront sur la situation et sur les conditions d&rsquo;une paix juste et durable, dans la continuit\u00e9 des discussions de Gen\u00e8ve et du plan am\u00e9ricain et d&rsquo;une concertation \u00e9troite avec nos partenaires europ\u00e9ens\u00a0\u00bb, a indiqu\u00e9, samedi 29 novembre, l&rsquo;\u00c9lys\u00e9e. \u00ab\u00a0Ils feront \u00e9galement le point sur le travail engag\u00e9 sur les garanties de s\u00e9curit\u00e9 dans le cadre de la coalition des volontaires.\u00a0\u00bb<\/p>\n<p>Deux \u00e9v\u00e9nements au Quai d&rsquo;Orsay<\/p>\n<p data-module=\"article-paragraph\" class=\"jsx-3046738180 Paragraph Paragraph__End\">\u00c0 la sortie de cet entretien, Volodymyr Zelensky reviendra dans la cour, cette fois accompagn\u00e9 de <a href=\"https:\/\/www.tf1info.fr\/international\/ukraine-russie-la-premiere-dame-ukrainienne-olena-zelenska-admet-avoir-ete-proche-du-burn-out-psychologique-a-cause-de-la-guerre-2305116.html\" target=\"_blank\" rel=\"noopener\">son \u00e9pouse Olena Zelenska<\/a>. Ils seront tous deux accueillis par Brigitte et Emmanuel Macron. Les deux couples d\u00e9jeuneront ensemble.<\/p>\n<p><a href=\"https:\/\/www.tf1info.fr\/international\/direct-guerre-ukraine-russie-pour-la-maison-blanche-il-est-completement-fallacieux-de-dire-que-trump-favorise-le-kremlin-les-dernieres-informations-mardi-25-novembre-2025-2408703.html\" rel=\"noopener\" class=\"jsx-3308031228 Link flex\" target=\"_blank\"><img decoding=\"async\" src=\"https:\/\/www.europesays.com\/fr\/wp-content\/uploads\/2025\/11\/zelensky-conference-de-presse-kiev-13-mai-2025-6e149d-0@1x.jpeg\" alt=\"Volodymyr Zelensky lors d'une conf\u00e9rence de presse \u00e0 Kiev le 13 mai 2025.\" loading=\"lazy\" importance=\"low\" fetchpriority=\"low\" class=\"\" aria-hidden=\"true\"\/><\/p>\n<p class=\"jsx-3657663356 ReadMoreArticle__Title\">Lire aussi<\/p>\n<p class=\"jsx-3657663356\">Guerre Ukraine-Russie : Zelensky \u00ab\u00a0pr\u00eat \u00e0 aller de l&rsquo;avant\u00a0\u00bb avec le plan de paix am\u00e9ricain<\/p>\n<p><\/a><\/p>\n<p data-module=\"article-paragraph\" class=\"jsx-3046738180 Paragraph\">Plus tard dans la journ\u00e9e, le couple pr\u00e9sidentiel ukrainien participera \u00e0 deux \u00e9v\u00e9nements au Quai d&rsquo;Orsay, a confirm\u00e9 le ministre des Affaires \u00e9trang\u00e8res, Jean-No\u00ebl Barrot, dans <a href=\"https:\/\/www.latribune.fr\/article\/la-tribune-dimanche\/politique\/43143291078862\/jean-noel-barrot-ministre-de-l-europe-et-des-affaires-etrangeres-zelensky-a-toute-la-legitimite-pour-conduire-l-ukraine-vers-la-paix\" target=\"_blank\" rel=\"nofollow noopener\">La Tribune Dimanche (nouvelle fen\u00eatre)<\/a>. La premi\u00e8re manifestation sera \u00ab\u00a0une mise \u00e0 l&rsquo;honneur\u00a0\u00bb de <a href=\"https:\/\/www.tf1info.fr\/international\/guerre-en-ukraine-face-au-recit-des-victimes-ukrainiennes-kiev-denonce-le-cynisme-d-un-representant-russe-a-l-onu-2338056.html\" target=\"_blank\" rel=\"noopener\">l&rsquo;initiative \u00ab\u00a0Bring Kids Back\u00a0\u00bb (nouvelle fen\u00eatre)<\/a> (\u00ab\u00a0Ramenez les enfants\u00a0\u00bb), parrain\u00e9e par la Premi\u00e8re dame ukrainienne. Ce projet \u00ab\u00a0a permis de ramener pr\u00e8s de 2.000 enfants ukrainiens arrach\u00e9s \u00e0 leur famille par la Russie.\u00a0\u00bb\u00a0<\/p>\n<p data-module=\"article-paragraph\" class=\"jsx-3046738180 Paragraph Paragraph__End\">Olena Zelenska et Volodymyr Zelensky lanceront ensuite la saison culturelle de l&rsquo;Ukraine en France, intitul\u00e9e \u00ab\u00a0Le voyage en Ukraine \u2013 la culture contre-attaque\u00a0\u00bb. L&rsquo;occasion, selon le chef de la diplomatie fran\u00e7aise, de \u00ab\u00a0souligner que la guerre ne se livre pas seulement avec des chars et des canons : elle se livre aussi avec les armes de l&rsquo;esprit.\u00a0\u00bb<\/p>\n<p>Y.R.<\/p>\n","protected":false},"excerpt":{"rendered":"Deux semaines seulement apr\u00e8s leur derni\u00e8re rencontre, Emmanuel Macron et Volodymyr Zelensky se retrouvent \u00e0 l&rsquo;\u00c9lys\u00e9e, lundi 1\u1d49\u02b3&hellip;\n","protected":false},"author":2,"featured_media":540214,"comment_status":"","ping_status":"","sticky":false,"template":"","format":"standard","meta":{"footnotes":""},"categories":[1590],"tags":[1111,11,1921,1073,1777,674,1922,12,132,220,1917,67457,133,1920,134],"class_list":{"0":"post-569791","1":"post","2":"type-post","3":"status-publish","4":"format-standard","5":"has-post-thumbnail","7":"category-ukraine","8":"tag-actu","9":"tag-actualites","10":"tag-article-video","11":"tag-emmanuel-macron","12":"tag-eu","13":"tag-europe","14":"tag-info","15":"tag-news","16":"tag-russie","17":"tag-ukraine","18":"tag-ukraine-4-annee-de-guerre","19":"tag-ukraine-russie-la-perspective-de-negociations-relancee","20":"tag-video","21":"tag-video-international","22":"tag-volodymyr-zelensky"},"share_on_mastodon":{"url":"https:\/\/pubeurope.com\/@fr\/115641122774848157","error":""},"_links":{"self":[{"href":"https:\/\/www.europesays.com\/fr\/wp-json\/wp\/v2\/posts\/569791","targetHints":{"allow":["GET"]}}],"collection":[{"href":"https:\/\/www.europesays.com\/fr\/wp-json\/wp\/v2\/posts"}],"about":[{"href":"https:\/\/www.europesays.com\/fr\/wp-json\/wp\/v2\/types\/post"}],"author":[{"embeddable":true,"href":"https:\/\/www.europesays.com\/fr\/wp-json\/wp\/v2\/users\/2"}],"replies":[{"embeddable":true,"href":"https:\/\/www.europesays.com\/fr\/wp-json\/wp\/v2\/comments?post=569791"}],"version-history":[{"count":0,"href":"https:\/\/www.europesays.com\/fr\/wp-json\/wp\/v2\/posts\/569791\/revisions"}],"wp:featuredmedia":[{"embeddable":true,"href":"https:\/\/www.europesays.com\/fr\/wp-json\/wp\/v2\/media\/540214"}],"wp:attachment":[{"href":"https:\/\/www.europesays.com\/fr\/wp-json\/wp\/v2\/media?parent=569791"}],"wp:term":[{"taxonomy":"category","embeddable":true,"href":"https:\/\/www.europesays.com\/fr\/wp-json\/wp\/v2\/categories?post=569791"},{"taxonomy":"post_tag","embeddable":true,"href":"https:\/\/www.europesays.com\/fr\/wp-json\/wp\/v2\/tags?post=569791"}],"curies":[{"name":"wp","href":"https:\/\/api.w.org\/{rel}","templated":true}]}}