{"id":569812,"date":"2025-11-30T23:16:18","date_gmt":"2025-11-30T23:16:18","guid":{"rendered":"https:\/\/www.europesays.com\/fr\/569812\/"},"modified":"2025-11-30T23:16:18","modified_gmt":"2025-11-30T23:16:18","slug":"poullan-sur-mer-30-novembre-2025-classement-de-cyclo-cross-velopressecollection","status":"publish","type":"post","link":"https:\/\/www.europesays.com\/fr\/569812\/","title":{"rendered":"Poullan Sur Mer 30 novembre 2025 classement de cyclo-cross &#8211; Velopressecollection"},"content":{"rendered":"<ol>\n<li><a href=\"https:\/\/news.google.com\/rss\/articles\/CBMi1AFBVV95cUxOUUZHcGtpOUhBdk9wcmtwdFo2clA0enNpTnE4WHdqcDljb2pwZ1c4QmRzVm4xbWI2dUM0RFl3UGVZQzIxZFFDdWlFekpycEdWVXZMWUlIV2FqRzRNS3VyWFgta0hEbERQT1Q3TDctb0tCb0tzVU4xYk5HXzdDak0xMVhBaVh1R19BZ01SMXo5TEVreHUzTl9zVmw1TGN4cVdDUjNxeGZ2M21uWDVOZ0VWLXBPOENOSGw0SHVyejVhaXBla2pCYzFleTV1S1ZRNVg3TEtIcA?oc=5\" target=\"_blank\" rel=\"noopener\">Poullan Sur Mer 30 novembre 2025 classement de cyclo-cross<\/a>&nbsp;&nbsp;Velopressecollection<\/li>\n<li><a href=\"https:\/\/news.google.com\/rss\/articles\/CBMioAJBVV95cUxONFMxWXRSRk9hdkZaOHM2YzR0NWVnbXVGSVhmc1phaWpmeXhKUWtBMnpBVy1QNHAydDhSMHBUZk8tckxneUdNRENVX2xQTmotRGhKc3dTQzNUYlFUcm1JcGNDR21zZEp6c3Q3R1pqenVHem9UdmRVZno0cXhybGdjNzl6bHRwenI0Wm5VOTZtaWEzNlRmbHZhVzIySXhWcWxEWjR5Z2MweUtBU19iM2t4WWtwb25pS25uWGlRMFplQzYtQmN5eWxxVmQ5ek55X180bGdiUnRCaEYwbUxJbkpkeHMtNkx2MThnSjBJaDdlVDJ3T1Z3YzZNVFJuWkotYzhhUkYzdVZ4YWs0bUExVmxIWEhQMnlvNmtIb1RZUGVMaGw?oc=5\" target=\"_blank\" rel=\"noopener\">Nicolas David s\u2019impose pour la 11e fois et devient champion du Finist\u00e8re de cyclo-cross, \u00e0 une semaine du championnat de Bretagne<\/a>&nbsp;&nbsp;Le T\u00e9l\u00e9gramme<\/li>\n<li><a href=\"https:\/\/news.google.com\/rss\/articles\/CBMijgJBVV95cUxQSGhJNjUyMnlCSXhWNHpXN084enJLd1VrQ0tiWFU0alAzbGpxckZrSUg5Q1IybWw0NlJiYU9PaHA1X1BiWmNuakZVVFhTTS1oU2JoM3I3Rmtmdl9sY1RHWEgxcDhyZ215UFZyWEQ0NUFlMW1XTzNvaUg5SnI3ZDZBd2VMN0JPT0JGdEdFeEtndHFTM0VzdG50dnBBdERYNWNuUXRpd0l2OTVmLVdWTWZtbEV2RjVFQU9fRFpRcFJhZERncFpTR2pPTS0wb0MtNmhxRGI3VGxNREpQM2twYWswemlqSDc1NS1GNHFVakpORzl4NUFjVXE1VjYtNzk3VGRTcDFoWl9fbDlSS0RVS0E?oc=5\" target=\"_blank\" rel=\"noopener\">Cyclo-cross. Tout n\u2019est pas forc\u00e9ment couru d\u2019avance pour Nicolas David et Enzo Conan dans leur<\/a>&nbsp;&nbsp;&#8211; Le Mans.maville.com<\/li>\n<li><a href=\"https:\/\/news.google.com\/rss\/articles\/CBMimwJBVV95cUxPZTJwNEJZSW5hZFNtbTZDWlZVc3ZITFp6eTFMYW1SVGNxT1ZaU1RFbUc4MXROSl9ObmJpT1NzNUJnLXZUWWNkVVBtY1p2Mi1FeVQzZG1YTm9jNXpodzczeXdRNHNVWXRBMTF4MlVCaUtHa3lEcnByOV93YlZydklPNllWcHFjUXhsaWNKSEwtZWtUNTBXQnA2N0EwUEpGcTJJcU05Q0JadXljNTZjcWtYcXc2LWpqWFhtU0VhWWtSUXVoZjk1dGluVnFjdmhfLWRrWUNURXBlWDRBMkJKRVFXYTlrRGNKdzhCQWVQcF9iSENEQ0V0QlczRmhON3ZxSkRDSTZ1VjBEMEoxVkpsOWVsWkdkU2g0X29ubUk0?oc=5\" target=\"_blank\" rel=\"noopener\">Cyclo-cross. Championnats d\u00e9partementaux : Nicolas David d\u00e9croche un quatri\u00e8me titre \u00e0 Poullan-sur-Mer<\/a>&nbsp;&nbsp;Ouest-France<\/li>\n<li><a href=\"https:\/\/news.google.com\/rss\/articles\/CBMi2gFBVV95cUxPYkRkNnZYLXhyMnhMQXJ2WUF3NDdkOTk0TUs0WDVtTE1URmlMUWRQQk9ZRnZ6cnBVS19jSkRPV2lXOVpUQmxoMU1tNm84TEoxT0NCODJzZXVEOFpHaElkOTRIeWJaTzA2RkNrMHNhQndlejBNb2hRaDU5SU9VRFRKbEtET1F2WTBXNTYtd3J1U2NfLTEyYnNZdVV3VEtiYm4xYWlNRFNPV3V3MEkwcmpNNl9kTFFLYnpheEVVeEZHbXhsTGhLVFpNVS16eFFKVUNTWk50UmgzSFdfdw?oc=5\" target=\"_blank\" rel=\"noopener\">Championnat du Finist\u00e8re de cyclo-cross : retrouvez les classements complets<\/a>&nbsp;&nbsp;Le T\u00e9l\u00e9gramme<\/li>\n<\/ol>\n","protected":false},"excerpt":{"rendered":"Poullan Sur Mer 30 novembre 2025 classement de cyclo-cross&nbsp;&nbsp;Velopressecollection Nicolas David s\u2019impose pour la 11e fois et devient&hellip;\n","protected":false},"author":2,"featured_media":569813,"comment_status":"","ping_status":"","sticky":false,"template":"","format":"standard","meta":{"footnotes":""},"categories":[1411],"tags":[1154,207,1011,27,60],"class_list":{"0":"post-569812","1":"post","2":"type-post","3":"status-publish","4":"format-standard","5":"has-post-thumbnail","7":"category-cyclisme","8":"tag-cycling","9":"tag-cyclisme","10":"tag-fr","11":"tag-france","12":"tag-sports"},"share_on_mastodon":{"url":"https:\/\/pubeurope.com\/@fr\/115641200464915062","error":""},"_links":{"self":[{"href":"https:\/\/www.europesays.com\/fr\/wp-json\/wp\/v2\/posts\/569812","targetHints":{"allow":["GET"]}}],"collection":[{"href":"https:\/\/www.europesays.com\/fr\/wp-json\/wp\/v2\/posts"}],"about":[{"href":"https:\/\/www.europesays.com\/fr\/wp-json\/wp\/v2\/types\/post"}],"author":[{"embeddable":true,"href":"https:\/\/www.europesays.com\/fr\/wp-json\/wp\/v2\/users\/2"}],"replies":[{"embeddable":true,"href":"https:\/\/www.europesays.com\/fr\/wp-json\/wp\/v2\/comments?post=569812"}],"version-history":[{"count":0,"href":"https:\/\/www.europesays.com\/fr\/wp-json\/wp\/v2\/posts\/569812\/revisions"}],"wp:featuredmedia":[{"embeddable":true,"href":"https:\/\/www.europesays.com\/fr\/wp-json\/wp\/v2\/media\/569813"}],"wp:attachment":[{"href":"https:\/\/www.europesays.com\/fr\/wp-json\/wp\/v2\/media?parent=569812"}],"wp:term":[{"taxonomy":"category","embeddable":true,"href":"https:\/\/www.europesays.com\/fr\/wp-json\/wp\/v2\/categories?post=569812"},{"taxonomy":"post_tag","embeddable":true,"href":"https:\/\/www.europesays.com\/fr\/wp-json\/wp\/v2\/tags?post=569812"}],"curies":[{"name":"wp","href":"https:\/\/api.w.org\/{rel}","templated":true}]}}