{"id":569817,"date":"2025-11-30T23:19:17","date_gmt":"2025-11-30T23:19:17","guid":{"rendered":"https:\/\/www.europesays.com\/fr\/569817\/"},"modified":"2025-11-30T23:19:17","modified_gmt":"2025-11-30T23:19:17","slug":"ce-tableau-dun-celebre-peintre-vole-par-les-nazis-est-desormais-visible-a-dieppe","status":"publish","type":"post","link":"https:\/\/www.europesays.com\/fr\/569817\/","title":{"rendered":"Ce tableau d&rsquo;un c\u00e9l\u00e8bre peintre vol\u00e9 par les Nazis est d\u00e9sormais visible \u00e0 Dieppe"},"content":{"rendered":"<p>                    Par<br \/>\n        <strong><br \/>\n            <a href=\"https:\/\/actu.fr\/auteur\/veronique-weber\" title=\"Consulter tous les articles de Veronique Weber\" target=\"_blank\" rel=\"noopener\">Veronique Weber<\/a><br \/>\n                    <\/strong><\/p>\n<p>        Publi\u00e9 le<\/p>\n<p>            30 nov. 2025 \u00e0 16h18        <\/p>\n<p>Vendredi 21 novembre 2025, toute l\u2019\u00e9quipe du <a href=\"https:\/\/actu.fr\/tag\/musee-de-dieppe\" target=\"_blank\" rel=\"noopener\">Ch\u00e2teau-Mus\u00e9e<\/a> de <a href=\"https:\/\/actu.fr\/normandie\/dieppe_76217\" target=\"_blank\" rel=\"noopener\">Dieppe (Seine-Maritime)<\/a> \u00e9tait en effervescence. Et pour cause : elle recevait une nouvelle <b>\u0153uvre<\/b> \u00e0 accrocher aux cimaises de la salle d\u00e9di\u00e9e aux <b>peintures impressionnistes<\/b>. Et pas n\u2019importe quelle \u0153uvre : La Seine \u00e0 Bougival, peinte en 1873 par <b>Sisley<\/b>.<\/p>\n<p class=\" wall-content\">Une \u0153uvre \u00ab \u00e0 la touche sensible et discr\u00e8te du courant impressionniste \u00bb, souligne Pauline Le Jossic, directrice adjointe du mus\u00e9e, \u00ab qui d\u00e9gage une grande s\u00e9r\u00e9nit\u00e9, avec ce jeu de reflets dans le ciel et l\u2019eau \u00bb.<\/p>\n<p>En attendant ses propri\u00e9taires<\/p>\n<p class=\" wall-content\">Outre la beaut\u00e9 de l\u2019\u0153uvre et la renomm\u00e9e de Sisley, c\u2019est aussi l\u2019histoire du tableau qui en fait une pi\u00e8ce remarquable. En effet, ce tableau fait partie des \u0153uvres spoli\u00e9es par le r\u00e9gime nazi durant la Seconde Guerre mondiale et r\u00e9cup\u00e9r\u00e9es par les Alli\u00e9s.<\/p>\n<p class=\" wall-content\">Il est de ce fait r\u00e9f\u00e9renc\u00e9 MNR, les Mus\u00e9es nationaux r\u00e9cup\u00e9ration, appellation donn\u00e9e, dans les ann\u00e9es 1950, \u00e0 2 200 \u0153uvres retrouv\u00e9es en Allemagne et renvoy\u00e9es en France.<\/p>\n<p class=\" wall-content\">\u00ab Au mus\u00e9e de Dieppe, nous avons donc actuellement huit \u0153uvres MNR \u00bb, souligne Pierre Ickowicz, le conservateur.<\/p>\n<p>Vid\u00e9os : en ce moment sur Actu<\/p>\n<p class=\" wall-content\">Au d\u00e9part, \u00ab ces \u0153uvres MNR ont \u00e9t\u00e9 r\u00e9parties dans des mus\u00e9es nationaux, puis dans un deuxi\u00e8me temps dans des mus\u00e9es de territoire pour contribuer \u00e0 l\u2019effort de pr\u00e9sentation pour qu\u2019elles soient reconnues par des ayants droit \u00bb, poursuit-il.<\/p>\n<p class=\" wall-content\">La toile d\u2019Alfred Sisley \u00e9tait jusqu\u2019alors conserv\u00e9e dans les r\u00e9serves du mus\u00e9e d\u2019Orsay.<\/p>\n<p>Votre r\u00e9gion, votre actu !<\/p>\n<p>Recevez chaque jour les infos qui comptent pour vous.<\/p>\n<p>\t<a href=\"https:\/\/actu.fr\/newsletter\" class=\"ac-btn ac-btn--corner ac-btn--medium ac-btn--blue800\" target=\"_blank\" rel=\"noopener\">S&rsquo;incrire<\/a><\/p>\n<p class=\" wall-content\">Mais ce tableau ne rejoint pas le mus\u00e9e de Dieppe de mani\u00e8re p\u00e9renne. Des sp\u00e9cialistes sont toujours en qu\u00eate de ses propri\u00e9taires. Et lorsqu\u2019ils seront retrouv\u00e9s, elle leur sera rendue.<\/p>\n<p class=\" wall-content\">De la m\u00eame mani\u00e8re qu\u2019en 2022 et en 2024, le mus\u00e9e de Dieppe a d\u00e9j\u00e0 particip\u00e9 \u00e0 la restitution de deux \u0153uvres spoli\u00e9es : Temp\u00eate en mer, une toile hollandaise du 17e\u00a0si\u00e8cle et\u00a0Les P\u00e9niches, toile peinte par\u2026 Alfred Sisley en 1870. Cette derni\u00e8re est rest\u00e9e \u00e0 Dieppe 41\u00a0ans.<\/p>\n<p class=\" wall-content\">Le public aura donc largement le temps de venir au\u00a0Ch\u00e2teau-Mus\u00e9e de Dieppe admirer La Seine \u00e0 Bougival en attendant que ses propri\u00e9taires soient retrouv\u00e9s.<\/p>\n<p class=\" wall-content\">\u00ab Cette \u0153uvre sera valoris\u00e9e l\u2019an prochain \u00bb, souligne l\u2019\u00e9quipe du mus\u00e9e. Le 28 f\u00e9vrier, Anne Robbins, conservatrice au mus\u00e9e d\u2019Orsay, viendra en parler.<\/p>\n<p class=\" wall-content\">Personnalisez votre actualit\u00e9 en ajoutant vos villes et m\u00e9dias en favori avec <a href=\"https:\/\/moncompte.actu.fr\" title=\"D\u00e9couvez Mon Actu\" rel=\"nofollow noopener\" data-trk=\"{&quot;cta&quot;:{&quot;action&quot;:&quot;https:\\\/\\\/moncompte.actu.fr&quot;,&quot;category&quot;:&quot;mon compte&quot;,&quot;from&quot;:&quot;article footer&quot;,&quot;name&quot;:&quot;Mon actu&quot;,&quot;type&quot;:&quot;cta&quot;}}\" target=\"_blank\">Mon Actu<\/a>.<\/p>\n","protected":false},"excerpt":{"rendered":"Par Veronique Weber Publi\u00e9 le 30 nov. 2025 \u00e0 16h18 Vendredi 21 novembre 2025, toute l\u2019\u00e9quipe du Ch\u00e2teau-Mus\u00e9e&hellip;\n","protected":false},"author":2,"featured_media":569818,"comment_status":"","ping_status":"","sticky":false,"template":"","format":"standard","meta":{"footnotes":""},"categories":[1358],"tags":[1348,1384,1385,1386,58,59,1011,27,1757,41636,2551,935],"class_list":{"0":"post-569817","1":"post","2":"type-post","3":"status-publish","4":"format-standard","5":"has-post-thumbnail","7":"category-arts-et-design","8":"tag-arts","9":"tag-arts-and-design","10":"tag-arts-et-design","11":"tag-design","12":"tag-divertissement","13":"tag-entertainment","14":"tag-fr","15":"tag-france","16":"tag-insolite","17":"tag-musee-de-dieppe","18":"tag-patrimoine","19":"tag-seconde-guerre-mondiale"},"share_on_mastodon":{"url":"https:\/\/pubeurope.com\/@fr\/115641212120160571","error":""},"_links":{"self":[{"href":"https:\/\/www.europesays.com\/fr\/wp-json\/wp\/v2\/posts\/569817","targetHints":{"allow":["GET"]}}],"collection":[{"href":"https:\/\/www.europesays.com\/fr\/wp-json\/wp\/v2\/posts"}],"about":[{"href":"https:\/\/www.europesays.com\/fr\/wp-json\/wp\/v2\/types\/post"}],"author":[{"embeddable":true,"href":"https:\/\/www.europesays.com\/fr\/wp-json\/wp\/v2\/users\/2"}],"replies":[{"embeddable":true,"href":"https:\/\/www.europesays.com\/fr\/wp-json\/wp\/v2\/comments?post=569817"}],"version-history":[{"count":0,"href":"https:\/\/www.europesays.com\/fr\/wp-json\/wp\/v2\/posts\/569817\/revisions"}],"wp:featuredmedia":[{"embeddable":true,"href":"https:\/\/www.europesays.com\/fr\/wp-json\/wp\/v2\/media\/569818"}],"wp:attachment":[{"href":"https:\/\/www.europesays.com\/fr\/wp-json\/wp\/v2\/media?parent=569817"}],"wp:term":[{"taxonomy":"category","embeddable":true,"href":"https:\/\/www.europesays.com\/fr\/wp-json\/wp\/v2\/categories?post=569817"},{"taxonomy":"post_tag","embeddable":true,"href":"https:\/\/www.europesays.com\/fr\/wp-json\/wp\/v2\/tags?post=569817"}],"curies":[{"name":"wp","href":"https:\/\/api.w.org\/{rel}","templated":true}]}}