{"id":569819,"date":"2025-11-30T23:21:28","date_gmt":"2025-11-30T23:21:28","guid":{"rendered":"https:\/\/www.europesays.com\/fr\/569819\/"},"modified":"2025-11-30T23:21:28","modified_gmt":"2025-11-30T23:21:28","slug":"video-page-speciale-au-20h-de-tf1-anne-claire-coudray-en-reportage-dans-la-russie-de-vladimir-poutine","status":"publish","type":"post","link":"https:\/\/www.europesays.com\/fr\/569819\/","title":{"rendered":"VID\u00c9O &#8211; Page sp\u00e9ciale au 20H de TF1 : Anne-Claire Coudray en reportage dans la Russie de Vladimir Poutine"},"content":{"rendered":"<ul class=\"jsx-862013697 ArticleChapo__List\">\n<li class=\"jsx-862013697 ArticleChapo__List_Item flex\">Le 20H de TF1 a consacr\u00e9 ce dimanche 30 novembre une page sp\u00e9ciale \u00e0 la Russie.<\/li>\n<li class=\"jsx-862013697 ArticleChapo__List_Item flex\">Anne-Claire Coudray s&rsquo;est rendue \u00e0 Moscou, Rostov et Volgograd, pour cette s\u00e9rie de reportages exceptionnels.<\/li>\n<li class=\"jsx-862013697 ArticleChapo__List_Item flex\">Pr\u00e8s de 4 ans apr\u00e8s le d\u00e9but de la guerre en Ukraine, comment les Russes vivent-ils ce conflit et ses cons\u00e9quences ?<\/li>\n<\/ul>\n<p data-module=\"article-paragraph\" class=\"jsx-3046738180 Paragraph Paragraph__End\">Ce dimanche 30 novembre, le 20H de TF1 pr\u00e9sent\u00e9 par Anne-Claire Coudray a propos\u00e9 une grande page sp\u00e9ciale consacr\u00e9e \u00e0 la Russie. Pour mieux comprendre les r\u00e9alit\u00e9s du terrain, la journaliste, aux commandes des journaux du week-end, s&rsquo;est rendue \u00e0 Moscou, Rostov, et Volgograd, pour \u00eatre au plus pr\u00e8s de ce que vivent les Russes, <a href=\"https:\/\/www.tf1info.fr\/international\/direct-guerre-ukraine-russie-plan-de-paix-americain-trump-zelensky-witkoff-poutine-poursuite-discussions-dernieres-informations-vendredi-28-novembre-2025-2409423.html\" target=\"_blank\" rel=\"noopener\">en guerre depuis bient\u00f4t quatre ans<\/a> contre leurs voisins ukrainiens.<\/p>\n<p><img decoding=\"async\" src=\"https:\/\/www.europesays.com\/fr\/wp-content\/uploads\/2025\/11\/anne-claire-coudray-en-reportage-en-russie-5780d4-0@1x.jpeg\" alt=\"TF1\" loading=\"lazy\" importance=\"low\" fetchpriority=\"low\" class=\"\" data-module=\"article-image\"\/>TF1<a href=\"https:\/\/www.tf1info.fr\/international\/le-but-est-de-prevenir-la-guerre-ce-plan-secret-de-l-allemagne-en-cas-de-conflit-avec-la-russie-2409634.html\" rel=\"noopener\" class=\"jsx-3308031228 Link flex\" target=\"_blank\"><img decoding=\"async\" src=\"https:\/\/www.europesays.com\/fr\/wp-content\/uploads\/2025\/11\/char-leopard-allemagne-f14e00-0@1x.jpeg\" alt=\"Ronny Hartmann \/ AFP\" loading=\"lazy\" importance=\"low\" fetchpriority=\"low\" class=\"\" aria-hidden=\"true\"\/><\/p>\n<p class=\"jsx-3657663356 ReadMoreArticle__Title\">Lire aussi<\/p>\n<p class=\"jsx-3657663356\">\u00ab\u00a0Le but est de pr\u00e9venir la guerre\u00a0\u00bb : ce plan secret de l&rsquo;Allemagne en cas de conflit avec la Russie<\/p>\n<p><\/a><\/p>\n<p data-module=\"article-paragraph\" class=\"jsx-3046738180 Paragraph Paragraph__End\">Comment la soci\u00e9t\u00e9 russe vit-elle ce conflit ? Est-ce que cette guerre fait d\u00e9bat en Russie ? Quel est l&rsquo;effet des sanctions ? La journaliste est all\u00e9e \u00e0 la rencontre des Russes, qu&rsquo;ils soient militaires, en route pour le front, veuves de guerre, v\u00e9t\u00e9rans, universitaires ou commer\u00e7ants. Retrouvez dans la vid\u00e9o en t\u00eate de cet article l&rsquo;int\u00e9gralit\u00e9 des interviews et des t\u00e9moignages qu&rsquo;elle a recueillis, ainsi que les reportages r\u00e9alis\u00e9s par nos envoy\u00e9s sp\u00e9ciaux.<\/p>\n<p>La r\u00e9daction de TF1info<\/p>\n","protected":false},"excerpt":{"rendered":"Le 20H de TF1 a consacr\u00e9 ce dimanche 30 novembre une page sp\u00e9ciale \u00e0 la Russie. Anne-Claire Coudray&hellip;\n","protected":false},"author":2,"featured_media":569820,"comment_status":"","ping_status":"","sticky":false,"template":"","format":"standard","meta":{"footnotes":""},"categories":[1356],"tags":[1111,11,27438,1921,5925,58,59,1011,27,1922,1916,8200,2543,132,252,199,1364,220,1917,133,1920,64673,135],"class_list":{"0":"post-569819","1":"post","2":"type-post","3":"status-publish","4":"format-standard","5":"has-post-thumbnail","7":"category-television","8":"tag-actu","9":"tag-actualites","10":"tag-anne-claire-coudray","11":"tag-article-video","12":"tag-conflits-et-guerre","13":"tag-divertissement","14":"tag-entertainment","15":"tag-fr","16":"tag-france","17":"tag-info","18":"tag-moscou","19":"tag-politique-et-crise-dun-pays-etranger","20":"tag-relations-internationales","21":"tag-russie","22":"tag-television","23":"tag-tf1","24":"tag-tv","25":"tag-ukraine","26":"tag-ukraine-4-annee-de-guerre","27":"tag-video","28":"tag-video-international","29":"tag-vie-quotidienne-etrangere","30":"tag-vladimir-poutine"},"share_on_mastodon":{"url":"https:\/\/pubeurope.com\/@fr\/115641221403913013","error":""},"_links":{"self":[{"href":"https:\/\/www.europesays.com\/fr\/wp-json\/wp\/v2\/posts\/569819","targetHints":{"allow":["GET"]}}],"collection":[{"href":"https:\/\/www.europesays.com\/fr\/wp-json\/wp\/v2\/posts"}],"about":[{"href":"https:\/\/www.europesays.com\/fr\/wp-json\/wp\/v2\/types\/post"}],"author":[{"embeddable":true,"href":"https:\/\/www.europesays.com\/fr\/wp-json\/wp\/v2\/users\/2"}],"replies":[{"embeddable":true,"href":"https:\/\/www.europesays.com\/fr\/wp-json\/wp\/v2\/comments?post=569819"}],"version-history":[{"count":0,"href":"https:\/\/www.europesays.com\/fr\/wp-json\/wp\/v2\/posts\/569819\/revisions"}],"wp:featuredmedia":[{"embeddable":true,"href":"https:\/\/www.europesays.com\/fr\/wp-json\/wp\/v2\/media\/569820"}],"wp:attachment":[{"href":"https:\/\/www.europesays.com\/fr\/wp-json\/wp\/v2\/media?parent=569819"}],"wp:term":[{"taxonomy":"category","embeddable":true,"href":"https:\/\/www.europesays.com\/fr\/wp-json\/wp\/v2\/categories?post=569819"},{"taxonomy":"post_tag","embeddable":true,"href":"https:\/\/www.europesays.com\/fr\/wp-json\/wp\/v2\/tags?post=569819"}],"curies":[{"name":"wp","href":"https:\/\/api.w.org\/{rel}","templated":true}]}}