{"id":569821,"date":"2025-11-30T23:22:11","date_gmt":"2025-11-30T23:22:11","guid":{"rendered":"https:\/\/www.europesays.com\/fr\/569821\/"},"modified":"2025-11-30T23:22:11","modified_gmt":"2025-11-30T23:22:11","slug":"ces-quatre-soirees-resteront-gravees-dans-lhistoire","status":"publish","type":"post","link":"https:\/\/www.europesays.com\/fr\/569821\/","title":{"rendered":"\u201cCes quatre soir\u00e9es resteront grav\u00e9es dans l\u2019histoire\u201d"},"content":{"rendered":"<p><strong><a href=\"https:\/\/www.metalzone.fr\/radiohead\/\" target=\"_blank\" rel=\"noopener\">Radiohead<\/a> vient de battre un record d\u00e9tenu par <a href=\"https:\/\/www.metalzone.fr\/metallica\/\" target=\"_blank\" rel=\"noopener\">Metallica<\/a> depuis 2017 \u00e0 l\u2019O2 Arena de Londres, \u00e0 l\u2019occasion d\u2019une s\u00e9rie de concerts caritatifs \u00e0 guichets ferm\u00e9s.<\/strong><\/p>\n<p>Radiohead d\u00e9passe Metallica \u00e0 l\u2019O2 Arena<\/p>\n<p>Le groupe britannique a attir\u00e9 plus de 22 000 spectateurs chaque soir lors de ses quatre concerts donn\u00e9s \u00e0 Londres les 21, 22, 24 et 25 novembre. Le 25 novembre, 22 355 personnes \u00e9taient pr\u00e9sentes, \u00e9tablissant ainsi un nouveau record d\u2019affluence pour la salle, d\u00e9tenu jusqu\u2019ici par Metallica. <a href=\"https:\/\/www.nme.com\/news\/music\/radiohead-break-the-attendance-record-at-londons-the-o2-as-they-raised-money-for-samaritans-and-grassroots-venues-3913661\" target=\"_blank\" rel=\"noopener\">Selon NME<\/a>, chaque concert a d\u00e9pass\u00e9 le pr\u00e9c\u00e9dent en nombre de spectateurs.<\/p>\n<p>Christian D\u2019Acuna, directeur de la programmation du lieu, a salu\u00e9 l\u2019\u00e9v\u00e9nement : \u201cCes quatre soir\u00e9es resteront grav\u00e9es dans l\u2019histoire de l\u2019O2. Radiohead a battu des records chaque soir, en jouant des setlists diff\u00e9rentes couvrant toute leur discographie. Ce fut un honneur de les accueillir.\u201d<\/p>\n<p>Une tourn\u00e9e sous le signe de l\u2019engagement<\/p>\n<p>Ces concerts s\u2019inscrivent dans la tourn\u00e9e europ\u00e9enne de Radiohead, la premi\u00e8re depuis sept ans. \u00c0 Londres, les recettes ont \u00e9t\u00e9 revers\u00e9es \u00e0 Samaritans, une association de pr\u00e9vention du suicide, et \u00e0 la LIVE Trust, qui soutient les petites salles britanniques. Des b\u00e9n\u00e9voles ont recueilli des dons sur place. Le batteur Philip Selway a rappel\u00e9 sur les r\u00e9seaux sociaux : \u201cLes hommes ont plus de trois fois plus de risques de mourir par suicide. Samaritans veut changer cela.\u201d<\/p>\n<p>En parall\u00e8le, un euro est pr\u00e9lev\u00e9 sur chaque billet europ\u00e9en au profit de M\u00e9decins Sans Fronti\u00e8res, montant que le groupe s\u2019est engag\u00e9 \u00e0 doubler. Huit concerts restent \u00e0 venir \u00e0 Copenhague et Berlin.<\/p>\n","protected":false},"excerpt":{"rendered":"Radiohead vient de battre un record d\u00e9tenu par Metallica depuis 2017 \u00e0 l\u2019O2 Arena de Londres, \u00e0 l\u2019occasion&hellip;\n","protected":false},"author":2,"featured_media":569822,"comment_status":"","ping_status":"","sticky":false,"template":"","format":"standard","meta":{"footnotes":""},"categories":[1355],"tags":[58,59,1011,27,1361,873],"class_list":{"0":"post-569821","1":"post","2":"type-post","3":"status-publish","4":"format-standard","5":"has-post-thumbnail","7":"category-musique","8":"tag-divertissement","9":"tag-entertainment","10":"tag-fr","11":"tag-france","12":"tag-music","13":"tag-musique"},"share_on_mastodon":{"url":"https:\/\/pubeurope.com\/@fr\/115641223935990910","error":""},"_links":{"self":[{"href":"https:\/\/www.europesays.com\/fr\/wp-json\/wp\/v2\/posts\/569821","targetHints":{"allow":["GET"]}}],"collection":[{"href":"https:\/\/www.europesays.com\/fr\/wp-json\/wp\/v2\/posts"}],"about":[{"href":"https:\/\/www.europesays.com\/fr\/wp-json\/wp\/v2\/types\/post"}],"author":[{"embeddable":true,"href":"https:\/\/www.europesays.com\/fr\/wp-json\/wp\/v2\/users\/2"}],"replies":[{"embeddable":true,"href":"https:\/\/www.europesays.com\/fr\/wp-json\/wp\/v2\/comments?post=569821"}],"version-history":[{"count":0,"href":"https:\/\/www.europesays.com\/fr\/wp-json\/wp\/v2\/posts\/569821\/revisions"}],"wp:featuredmedia":[{"embeddable":true,"href":"https:\/\/www.europesays.com\/fr\/wp-json\/wp\/v2\/media\/569822"}],"wp:attachment":[{"href":"https:\/\/www.europesays.com\/fr\/wp-json\/wp\/v2\/media?parent=569821"}],"wp:term":[{"taxonomy":"category","embeddable":true,"href":"https:\/\/www.europesays.com\/fr\/wp-json\/wp\/v2\/categories?post=569821"},{"taxonomy":"post_tag","embeddable":true,"href":"https:\/\/www.europesays.com\/fr\/wp-json\/wp\/v2\/tags?post=569821"}],"curies":[{"name":"wp","href":"https:\/\/api.w.org\/{rel}","templated":true}]}}