{"id":569825,"date":"2025-11-30T23:24:30","date_gmt":"2025-11-30T23:24:30","guid":{"rendered":"https:\/\/www.europesays.com\/fr\/569825\/"},"modified":"2025-11-30T23:24:30","modified_gmt":"2025-11-30T23:24:30","slug":"lozempic-jusqua-40-euros-moins-cher-par-mois-que-le-wegovy","status":"publish","type":"post","link":"https:\/\/www.europesays.com\/fr\/569825\/","title":{"rendered":"L&rsquo;Ozempic jusqu&rsquo;\u00e0 40 euros moins cher par mois que le Wegovy"},"content":{"rendered":"<p>        Quelle est la diff\u00e9rence entre l&rsquo;Ozempic et le Wegovy?<\/p>\n<p>M\u00eame si les produits sont similaires, les prix diff\u00e8rent\u00a0:<\/p>\n<ul>\n<li>Pour <strong>le Wegovy<\/strong>, comptez pr\u00e8s de <strong>145\u00a0\u20ac\/mois<\/strong> pour une dose hebdomadaire de 0,25 \u00e0 1\u00a0mg de s\u00e9maglutide.<\/li>\n<li>Pour <strong>l&rsquo;Ozempic<\/strong>, comptez environ <strong>104\u00a0\u20ac\/mois<\/strong> pour la m\u00eame dose.<\/li>\n<\/ul>\n<p>D&rsquo;apr\u00e8s notre analyse, <strong>cette diff\u00e9rence de prix<\/strong>\u00a0n&rsquo;a pas lieu d&rsquo;\u00eatre. Elle permet uniquement au fabricant <strong>d&rsquo;engranger plus de profit<\/strong>.<\/p>\n<p style=\"text-align: center;\"><a role=\"button\" href=\"https:\/\/www.test-achats.be\/sante\/maladies-et-medicaments\/medicaments\/news\/wegovy-vs-ozempic\" class=\"btn btn--primary btn--large\">Wegovy vs Ozempic : quand un m\u00eame m\u00e9dicament se vend plus cher sous un autre nom<\/a><\/p>\n<p>Puisque les m\u00e9decins g\u00e9n\u00e9ralistes peuvent<strong> \u00e0 nouveau prescrire les deux m\u00e9dicaments<\/strong> pour l\u2019ob\u00e9sit\u00e9, ils ont le choix. Si votre m\u00e9decin vous prescrit Ozempic au lieu de Wegovy, <strong>vous \u00e9conomisez jusqu\u2019\u00e0 40\u00a0\u20ac\/mois<\/strong>. Certes, <a href=\"https:\/\/www.test-achats.be\/sante\/maladies-et-medicaments\/medicaments\/news\/wegovy-vs-ozempic\" target=\"_blank\" rel=\"noopener\">ce traitement reste cher<\/a>, mais chaque euro est bon \u00e0 prendre.<\/p>\n<p>Tant qu\u2019il n\u2019y a <strong>pas de p\u00e9nurie d\u2019Ozempic<\/strong>, nous estimons que <strong>l\u2019utilisation hors indication<\/strong> (off-label) d\u2019Ozempic <strong>pour traiter l\u2019ob\u00e9sit\u00e9 est justifi\u00e9e<\/strong>, \u00e0 condition que\u00a0:<\/p>\n<ul>\n<li><a href=\"https:\/\/www.test-achats.be\/sante\/alimentation-et-nutrition\/perdre-du-poids\/calculateur\/body-mass-index\" target=\"_blank\" rel=\"noopener\">votre IMC<\/a> soit suffisamment \u00e9lev\u00e9 (au moins 30, ou 27 avec des complications comme hypertension ou apn\u00e9e du sommeil)\u00a0;<\/li>\n<li>le m\u00e9dicament soit associ\u00e9 \u00e0 une alimentation saine et suffisamment d\u2019activit\u00e9 physique.<\/li>\n<\/ul>\n<p style=\"text-align: center;\"><img decoding=\"async\" alt=\"Le m\u00e9dicament Ozempic commercialis\u00e9 par Novo Nordisk\" src=\"https:\/\/www.test-achats.be\/-\/media\/ta-hline\/images\/home\/diseases and medications\/medicine\/news\/2024\/ozempic\/p\u00e9nurie ozempic.jpg?la=fr-be&amp;rev=1fed6b2f-2614-4ab3-b006-87d2be48db8a&amp;h=338&amp;w=600&amp;mw=660&amp;hash=B8057B3F844FC0400A074FCBBB580B39\"\/><\/p>\n<p>Qu&rsquo;en pense le fabricant Novo Nordisk\u00a0? L\u2019entreprise nous a fait savoir qu\u2019<strong>elle ne peut encourager l\u2019utilisation hors indication d\u2019Ozempic<\/strong>. Par ailleurs, <a href=\"https:\/\/jamanetwork.com\/journals\/jamanetworkopen\/fullarticle\/2840795\" target=\"_blank\" rel=\"noopener\">des chercheurs ont d\u00e9couvert<\/a> qu\u2019aux \u00c9tats-Unis, <strong>la firme a d\u00e9pens\u00e9 7,5 millions de dollars<\/strong> pour 15\u00a0000 mots-cl\u00e9s payants dont beaucoup sont li\u00e9s \u00e0 la perte de poids. L&rsquo;objectif\u00a0: attirer les personnes qui utilisent ces termes vers le site d&rsquo;Ozempic.com.<\/p>\n<p>Les dosages plus \u00e9lev\u00e9s uniquement disponibles sous le nom Wegovy<\/p>\n<p>L&rsquo;Ozempic n\u2019est disponible que<strong> jusqu\u2019\u00e0 une dose de 1 mg<\/strong> par stylo pr\u00e9rempli. Pour la perte de poids, le dosage du s\u00e9maglutide est souvent augment\u00e9 au bout de trois mois\u00a0: d\u2019abord \u00e0 1,7\u00a0mg par semaine, ensuite \u00e0 2,4\u00a0mg. Ces doses plus \u00e9lev\u00e9es sont <strong>uniquement vendues sous le nom Wegovy<\/strong>.<\/p>\n<p>Qu\u2019en est-il de <strong>Mounjaro<\/strong>, autre m\u00e9dicament tr\u00e8s populaire pour perdre du poids\u00a0? Celui-ci est<strong> encore plus cher<\/strong>\u00a0: selon la dose, vous payez <strong>entre 179\u00a0\u20ac et 411\u00a0\u20ac par mois<\/strong>.<\/p>\n<p>        <a href=\"#table-of-content\" class=\"block margin--bottom-medium align-right\" data-plugin=\"scrollToTarget\">&#13;<br \/>\n            Vers le haut de la page&#13;<br \/>\n            &#13;<br \/>\n        <\/a><\/p>\n","protected":false},"excerpt":{"rendered":"Quelle est la diff\u00e9rence entre l&rsquo;Ozempic et le Wegovy? M\u00eame si les produits sont similaires, les prix diff\u00e8rent\u00a0:&hellip;\n","protected":false},"author":2,"featured_media":569826,"comment_status":"","ping_status":"","sticky":false,"template":"","format":"standard","meta":{"footnotes":""},"categories":[10],"tags":[68517,234,3359,1011,27,72,17099,45987,233,52500,56128,10761,28249,58769,68516,68515,71,30738],"class_list":{"0":"post-569825","1":"post","2":"type-post","3":"status-publish","4":"format-standard","5":"has-post-thumbnail","7":"category-sante","8":"tag-arrete-royal","9":"tag-diabete","10":"tag-diabete-de-type-2","11":"tag-fr","12":"tag-france","13":"tag-health","14":"tag-maigrir","15":"tag-mounjaro","16":"tag-obesite","17":"tag-ozempic","18":"tag-penurie-d","19":"tag-perdre-du-poids","20":"tag-perte-de-poids","21":"tag-prescription","22":"tag-prescription-medical","23":"tag-rybelsus","24":"tag-sante","25":"tag-wegovy"},"share_on_mastodon":{"url":"https:\/\/pubeurope.com\/@fr\/115641232869271890","error":""},"_links":{"self":[{"href":"https:\/\/www.europesays.com\/fr\/wp-json\/wp\/v2\/posts\/569825","targetHints":{"allow":["GET"]}}],"collection":[{"href":"https:\/\/www.europesays.com\/fr\/wp-json\/wp\/v2\/posts"}],"about":[{"href":"https:\/\/www.europesays.com\/fr\/wp-json\/wp\/v2\/types\/post"}],"author":[{"embeddable":true,"href":"https:\/\/www.europesays.com\/fr\/wp-json\/wp\/v2\/users\/2"}],"replies":[{"embeddable":true,"href":"https:\/\/www.europesays.com\/fr\/wp-json\/wp\/v2\/comments?post=569825"}],"version-history":[{"count":0,"href":"https:\/\/www.europesays.com\/fr\/wp-json\/wp\/v2\/posts\/569825\/revisions"}],"wp:featuredmedia":[{"embeddable":true,"href":"https:\/\/www.europesays.com\/fr\/wp-json\/wp\/v2\/media\/569826"}],"wp:attachment":[{"href":"https:\/\/www.europesays.com\/fr\/wp-json\/wp\/v2\/media?parent=569825"}],"wp:term":[{"taxonomy":"category","embeddable":true,"href":"https:\/\/www.europesays.com\/fr\/wp-json\/wp\/v2\/categories?post=569825"},{"taxonomy":"post_tag","embeddable":true,"href":"https:\/\/www.europesays.com\/fr\/wp-json\/wp\/v2\/tags?post=569825"}],"curies":[{"name":"wp","href":"https:\/\/api.w.org\/{rel}","templated":true}]}}