{"id":569856,"date":"2025-11-30T23:48:26","date_gmt":"2025-11-30T23:48:26","guid":{"rendered":"https:\/\/www.europesays.com\/fr\/569856\/"},"modified":"2025-11-30T23:48:26","modified_gmt":"2025-11-30T23:48:26","slug":"hockey-sur-glace-ligue-magnus-grenoble-remporte-le-choc-face-a-angers-gap-chute-encore-briancon-se-relance-contre-chamonix-les-resultats-de-la-soiree","status":"publish","type":"post","link":"https:\/\/www.europesays.com\/fr\/569856\/","title":{"rendered":"Hockey sur glace &#8211; Ligue Magnus. Grenoble remporte le choc face \u00e0 Angers, Gap chute encore, Brian\u00e7on se relance contre Chamonix&#8230; les r\u00e9sultats de la soir\u00e9e"},"content":{"rendered":"<p class=\"insetTitle\">R\u00e9actions<\/p>\n<p><strong>Edo Terglav (assistant coach de Grenoble) :<\/strong> \u00ab\u00a0On a parl\u00e9 beaucoup d\u2019\u00e9motions ces derniers jours. Aujourd\u2019hui, on a d\u00e9pass\u00e9 un peu les \u00e9motions. A un certain moment, il faut \u00eatre intelligent. Apr\u00e8s la bagarre on prend le rythme et on marque deux buts rapidement mais on prend une p\u00e9nalit\u00e9 stupide apr\u00e8s. Dans le hockey il faut prendre les coups pour payer le prix. On a dit aux gars, vous voulez gagner\u00a0? Alors il faut jouer comme il faut. Finalement, on a \u00e9t\u00e9 disciplin\u00e9s. Ca c\u2019est positif mais on ne peut pas jouer comme \u00e7a. On ne peut pas \u00eatre indisciplin\u00e9s comme \u00e7a, ce n\u2019est pas possible.\u00a0\u00bb<\/p>\n<p><strong>Valentin Grosset\u00eate (attaquant de Grenoble)\u00a0:<\/strong> \u00ab\u00a0C\u2019\u00e9tait tr\u00e8s tendu. Il y avait beaucoup de contacts, beaucoup de charges. On ne regarde que la victoire \u00e0 la fin. Les prochains matchs vont \u00eatre encore plus durs contre eux. On avait perdu la finale de la Coupe de France la saison derni\u00e8re contre eux, on a gagn\u00e9 la finale du championnat contre eux. Avec ce qu\u2019il s\u2019est pass\u00e9, le 23 d\u00e9cembre, \u00e7a va \u00eatre tr\u00e8s compliqu\u00e9 (la date du prochain Grenoble\u00a0&#8211; Angers, ndlr). A la fin du premier tiers, notre coach nous a dits de redescendre au niveau des \u00e9motions et de descendre d\u2019un cran\u2026 Il y a eu la bagarre apr\u00e8s. Apr\u00e8s \u00e7a, on s\u2019est calm\u00e9 et repartir.\u00a0\u00bb<\/p>\n<p><strong>Jonathan Paredes (entra\u00eeneur d\u2019Angers)\u00a0:<\/strong>\u00a0\u00ab\u00a0Grenoble a attaqu\u00e9 tr\u00e8s fort au d\u00e9but et j\u2019\u00e9tais tr\u00e8s content de la r\u00e9action de mon \u00e9quipe par deux fois. On a montr\u00e9 du caract\u00e8re pour essayer d\u2019aller chercher le match ici. Ce qu\u2019il s\u2019est pass\u00e9 ce soir est regrettable (la bagarre g\u00e9n\u00e9rale). Tr\u00e8s, tr\u00e8s regrettable. On verra ce que \u00e7a donne (en dur\u00e9e de suspension, ndlr). Je suis triste ce soir. Il y a des lignes \u00e0 ne pas franchir qui ont \u00e9t\u00e9 franchies. Ce n\u2019est pas quelque chose qui me pla\u00eet forc\u00e9ment. Le hockey n\u2019en sort pas grandi. Les gens vont penser que c\u2019est juste un show mais ce qu\u2019il s\u2019est pass\u00e9 \u00e9tait d\u2019une dangerosit\u00e9 absolue.\u00a0\u00bb<\/p>\n","protected":false},"excerpt":{"rendered":"R\u00e9actions Edo Terglav (assistant coach de Grenoble) : \u00ab\u00a0On a parl\u00e9 beaucoup d\u2019\u00e9motions ces derniers jours. Aujourd\u2019hui, on&hellip;\n","protected":false},"author":2,"featured_media":569857,"comment_status":"","ping_status":"","sticky":false,"template":"","format":"standard","meta":{"footnotes":""},"categories":[9566],"tags":[1111,11,2430,12923,19384,22849,112,4521,9543,1777,674,1701,1011,27,1085,16204,2731,2732,4638,881,4133,19383,22848,35795,10145,108,10146,12,22850,25,517,1947],"class_list":{"0":"post-569856","1":"post","2":"type-post","3":"status-publish","4":"format-standard","5":"has-post-thumbnail","7":"category-grenoble","8":"tag-actu","9":"tag-actualites","10":"tag-auvergne-rhone-alpes","11":"tag-briancon","12":"tag-briancon-bassin","13":"tag-chamonix-mont-blanc","14":"tag-edition-grenoble-agglomeration","15":"tag-edition-hautes-alpes-alpes-de-haute-provence","16":"tag-edition-mont-blanc-arve","17":"tag-eu","18":"tag-europe","19":"tag-fil-info-sport","20":"tag-fr","21":"tag-france","22":"tag-gap","23":"tag-gap-bassin","24":"tag-grenoble","25":"tag-grenoble-bassin","26":"tag-haute-savoie","27":"tag-hautes-alpes","28":"tag-hockey-sur-glace","29":"tag-hockey-sur-glace-briancon","30":"tag-hockey-sur-glace-chamonix","31":"tag-hockey-sur-glace-gap","32":"tag-hockey-sur-glace-grenoble","33":"tag-isere","34":"tag-ligue-magnus-hockey-sur-glace","35":"tag-news","36":"tag-ouverture-chamonix","37":"tag-republique-francaise","38":"tag-sport","39":"tag-sport-national"},"share_on_mastodon":{"url":"","error":"Validation failed: Text character limit of 500 exceeded"},"_links":{"self":[{"href":"https:\/\/www.europesays.com\/fr\/wp-json\/wp\/v2\/posts\/569856","targetHints":{"allow":["GET"]}}],"collection":[{"href":"https:\/\/www.europesays.com\/fr\/wp-json\/wp\/v2\/posts"}],"about":[{"href":"https:\/\/www.europesays.com\/fr\/wp-json\/wp\/v2\/types\/post"}],"author":[{"embeddable":true,"href":"https:\/\/www.europesays.com\/fr\/wp-json\/wp\/v2\/users\/2"}],"replies":[{"embeddable":true,"href":"https:\/\/www.europesays.com\/fr\/wp-json\/wp\/v2\/comments?post=569856"}],"version-history":[{"count":0,"href":"https:\/\/www.europesays.com\/fr\/wp-json\/wp\/v2\/posts\/569856\/revisions"}],"wp:featuredmedia":[{"embeddable":true,"href":"https:\/\/www.europesays.com\/fr\/wp-json\/wp\/v2\/media\/569857"}],"wp:attachment":[{"href":"https:\/\/www.europesays.com\/fr\/wp-json\/wp\/v2\/media?parent=569856"}],"wp:term":[{"taxonomy":"category","embeddable":true,"href":"https:\/\/www.europesays.com\/fr\/wp-json\/wp\/v2\/categories?post=569856"},{"taxonomy":"post_tag","embeddable":true,"href":"https:\/\/www.europesays.com\/fr\/wp-json\/wp\/v2\/tags?post=569856"}],"curies":[{"name":"wp","href":"https:\/\/api.w.org\/{rel}","templated":true}]}}