{"id":569875,"date":"2025-12-01T00:03:19","date_gmt":"2025-12-01T00:03:19","guid":{"rendered":"https:\/\/www.europesays.com\/fr\/569875\/"},"modified":"2025-12-01T00:03:19","modified_gmt":"2025-12-01T00:03:19","slug":"et-a-la-fin-ce-sont-encore-les-boxers-qui-gagnent","status":"publish","type":"post","link":"https:\/\/www.europesays.com\/fr\/569875\/","title":{"rendered":"et \u00e0 la fin, ce sont encore les Boxers qui gagnent\u00a0!"},"content":{"rendered":"<p>C\u2019est parti vite, tr\u00e8s vite. Avec deux buts en \u00e0 peine plus de trois minutes. Le premier pour les Dragons de Rouen, sign\u00e9 Lamp\u00e9rier, qui d\u00e9viait parfaitement un palet mis dans l\u2019enclave par Gresock (1-0, 1\u201933), le second pour les Boxers de Bordeaux, \u0153uvre de Kindl, magnifiquement trouv\u00e9 \u00e0 l\u2019oppos\u00e9 par Rambelo (1-1, 3\u201901). Le ton \u00e9tait donn\u00e9. Le d\u00e9but de match, spectaculaire, annonciateur de la suite. D\u2019un duel \u00e2pre et ind\u00e9cis. Jusqu\u2019au bout. Jusqu\u2019au troisi\u00e8me tir au but r\u00e9ussit de Beaudry et \u00e0 l\u2019arr\u00eat, dans la foul\u00e9e, de Dubeau, le gardien des Boxers, face \u00e0 Rech. Celui-l\u00e0 m\u00eame qui, plus t\u00f4t dans la s\u00e9ance, l\u2019avait battu \u00e0 deux reprises. Voil\u00e0 \u00e0 quoi s\u2019est jou\u00e9e la rencontre. \u00c0 un arr\u00eat. \u00c0 rien donc.<\/p>\n<p>Dubeau en feu, Beaudry plus adroit<\/p>\n<p>Avant cela chacun avait eu ses chances. Dans le deuxi\u00e8me tiers-temps pour les Normands, dans le troisi\u00e8me pour les Girondins. Apr\u00e8s vingt premi\u00e8res minutes \u00e9quilibr\u00e9es (11 tirs cadr\u00e9s \u00e0 10 pour Rouen) et achev\u00e9es sur un score de parit\u00e9, ce sont donc les locaux qui ont eu les premiers l\u2019opportunit\u00e9 de poser leur empreinte sur le match (17 tirs cadr\u00e9s \u00e0 7 pour le Rouen Hockey Elite).<\/p>\n<p>Sans succ\u00e8s. La faute en bonne partie \u00e0 un excellent Dubeau dans la cage bordelaise. Excellent face \u00e0 de nombreuses tentatives rouennaises. Frustrant. Et \u00e7a l\u2019\u00e9tait d\u2019autant plus pour les hommes de Carl Mallette que ce sont les visiteurs qui, gr\u00e2ce \u00e0 une r\u00e9alisation de Beaudry dont le lancer, \u00e0 mi-hauteur et pas bien puissant, trompait Carruth, le dernier rempart rouennais, masqu\u00e9 par deux joueurs et surpris (1-2, 37\u201946), atteignaient la deuxi\u00e8me pause avec un but de plus.<\/p>\n<p>Le troisi\u00e8me tiers \u00e9tait un copier-coller du deuxi\u00e8me mais invers\u00e9. Avec des Bordelais nettement plus tranchants (17 cadr\u00e9s \u00e0 7 pour eux) et des Rouennais un brin chanceux sur l\u2019\u00e9galisation de Schmitt, le palet \u00e9tant l\u00e9g\u00e8rement d\u00e9vi\u00e9 (2-2, 42\u201931) ou sur le tir de Pelletier qui, dans la derni\u00e8re minute, trouvait le poteau du but normand (59e) apr\u00e8s avoir contraint, un peu plus t\u00f4t, Carruth \u00e0 un arr\u00eat miraculeux (56e). Les deux \u00e9quipes filaient en prolongation durant laquelle Bruche pour Bordeaux (62e) et Gresock ou Lafrance, en sup\u00e9riorit\u00e9, pour Rouen (63e), manquaient de faire la d\u00e9cision. C\u2019est donc aux tirs au but que se jouait le sort du match. Et, \u00e0 ce petit jeu-l\u00e0, ce sont Beaudry et Bordeaux qui se sont montr\u00e9s les plus adroits. Ils signent surtout un incroyable 11e succ\u00e8s toutes comp\u00e9titions confondues.<\/p>\n","protected":false},"excerpt":{"rendered":"C\u2019est parti vite, tr\u00e8s vite. Avec deux buts en \u00e0 peine plus de trois minutes. Le premier pour&hellip;\n","protected":false},"author":2,"featured_media":569876,"comment_status":"","ping_status":"","sticky":false,"template":"","format":"standard","meta":{"footnotes":""},"categories":[2817],"tags":[1111,11,1997,1777,674,1011,27,12,2219,25],"class_list":{"0":"post-569875","1":"post","2":"type-post","3":"status-publish","4":"format-standard","5":"has-post-thumbnail","7":"category-bordeaux","8":"tag-actu","9":"tag-actualites","10":"tag-bordeaux","11":"tag-eu","12":"tag-europe","13":"tag-fr","14":"tag-france","15":"tag-news","16":"tag-nouvelle-aquitaine","17":"tag-republique-francaise"},"share_on_mastodon":{"url":"https:\/\/pubeurope.com\/@fr\/115641385371992951","error":""},"_links":{"self":[{"href":"https:\/\/www.europesays.com\/fr\/wp-json\/wp\/v2\/posts\/569875","targetHints":{"allow":["GET"]}}],"collection":[{"href":"https:\/\/www.europesays.com\/fr\/wp-json\/wp\/v2\/posts"}],"about":[{"href":"https:\/\/www.europesays.com\/fr\/wp-json\/wp\/v2\/types\/post"}],"author":[{"embeddable":true,"href":"https:\/\/www.europesays.com\/fr\/wp-json\/wp\/v2\/users\/2"}],"replies":[{"embeddable":true,"href":"https:\/\/www.europesays.com\/fr\/wp-json\/wp\/v2\/comments?post=569875"}],"version-history":[{"count":0,"href":"https:\/\/www.europesays.com\/fr\/wp-json\/wp\/v2\/posts\/569875\/revisions"}],"wp:featuredmedia":[{"embeddable":true,"href":"https:\/\/www.europesays.com\/fr\/wp-json\/wp\/v2\/media\/569876"}],"wp:attachment":[{"href":"https:\/\/www.europesays.com\/fr\/wp-json\/wp\/v2\/media?parent=569875"}],"wp:term":[{"taxonomy":"category","embeddable":true,"href":"https:\/\/www.europesays.com\/fr\/wp-json\/wp\/v2\/categories?post=569875"},{"taxonomy":"post_tag","embeddable":true,"href":"https:\/\/www.europesays.com\/fr\/wp-json\/wp\/v2\/tags?post=569875"}],"curies":[{"name":"wp","href":"https:\/\/api.w.org\/{rel}","templated":true}]}}