{"id":569881,"date":"2025-12-01T00:06:15","date_gmt":"2025-12-01T00:06:15","guid":{"rendered":"https:\/\/www.europesays.com\/fr\/569881\/"},"modified":"2025-12-01T00:06:15","modified_gmt":"2025-12-01T00:06:15","slug":"cabaret-birthday-show-la-decadente-7-a-lille-le-dimanche-7-decembre-2025","status":"publish","type":"post","link":"https:\/\/www.europesays.com\/fr\/569881\/","title":{"rendered":"CABARET BIRTHDAY SHOW \u2013 LA D\u00c9CADENTE #7 \u00e0 Lille le dimanche 7 d\u00e9cembre 2025"},"content":{"rendered":"<p>\ud83c\udf82\ud83d\udc84Place au <strong>glamour<\/strong> et \u00e0 <strong>l\u2019engagement<\/strong> pour le <strong>CABARET BIRTHDAY SHOW \u2013 LA D\u00c9CADENTE #7<\/strong> ! \ud83d\udc83\u2728\u00a0<\/p>\n<p>\u00a0<\/p>\n<p>\ud83d\udcc5Dimanche 7 d\u00e9cembre\u00a0<\/p>\n<p>\ud83d\udd5417h \u00e0 1h\u00a0<\/p>\n<p>\ud83d\udccdArtchives \u2013 74 rue Jacquemars Gi\u00e9l\u00e9e, Lille\u00a0<\/p>\n<p>\u00a0<\/p>\n<p>\ud83c\udfad <strong>Cabaret anniversaire<\/strong>\u00a0<\/p>\n<p>Pour c\u00e9l\u00e9brer <strong>son anniversaire<\/strong>, LA D\u00c9CADENTE rev\u00eat ses plus beaux atours et se transforme en v\u00e9ritable <strong>cabaret solidaire<\/strong> ! Paillettes, plumes et \u00e9motions seront au rendez-vous pour une soir\u00e9e flamboyante o\u00f9 la f\u00eate et la solidarit\u00e9 s\u2019unissent sous les projecteurs. \ud83d\udc8b\u2728\u00a0<\/p>\n<p>\u00a0<\/p>\n<p>\n<strong>\ud83c\udf08\u00c9dition caritative et solidaire<\/strong>\u00a0<\/p>\n<p>Cet \u00e9v\u00e9nement exceptionnel est organis\u00e9 au profit de <strong>l\u2019association AIDES<\/strong>, dans le cadre de la Journ\u00e9e mondiale de lutte contre le sida.\u00a0<\/p>\n<p>Son objectif : renforcer la <strong>pr\u00e9vention<\/strong> et la <strong>sensibilisation<\/strong> autour du VIH, des IST et du chemsex, tout en valorisant la diversit\u00e9 et les initiatives locales de la communaut\u00e9 LGBTQIA2+ lilloise. \u2764\ufe0f\u00a0<\/p>\n<p>\u00a0<\/p>\n<p>\n<strong>\ud83c\udfe5 Pr\u00e9vention &amp; accompagnement<\/strong>\u00a0<\/p>\n<p>Un espace de <strong>d\u00e9pistage<\/strong> et <strong>d\u2019\u00e9change<\/strong> sera anim\u00e9 par <strong>AIDES<\/strong>. Venez vous informer, \u00e9changer librement et b\u00e9n\u00e9ficier d\u2019un accompagnement personnalis\u00e9 dans un cadre safe et bienveillant. \ud83e\udef6\ud83c\udffc\u00a0<\/p>\n<p>\u00a0<\/p>\n<p>\n<strong>\ud83c\udff3\ufe0f\u200d\ud83c\udf08Village associatif<\/strong>\u00a0<\/p>\n<p>Un village associatif r\u00e9unira <strong>plusieurs structures locales engag\u00e9es<\/strong> pour la cause LGBTQIA2+, favorisant les rencontres entre acteurs associatifs et public festif. Un v\u00e9ritable lieu de dialogue, de partage et de solidarit\u00e9. \ud83e\udd1d\u00a0<\/p>\n<p>\u00a0<\/p>\n<p>\n<strong>\ud83c\udfa7Line-up<\/strong>\u00a0<\/p>\n<p>Notre s\u00e9lection de DJs fera vibrer la sc\u00e8ne de l\u2019Artchives :\u00a0<\/p>\n<p>\n<strong>\ud83d\udd25 Dj Doctor Woof<\/strong>\u00a0<\/p>\n<p>\n<strong>\ud83d\udd25Dj La Mif<\/strong>\u00a0<\/p>\n<p>\n<strong>\ud83d\udd25 Dj Thib B<\/strong>\u00a0<\/p>\n<p>Entre house, disco et \u00e9lectro, pr\u00e9parez-vous \u00e0 une ambiance survolt\u00e9e jusqu\u2019au bout de la nuit ! \ud83c\udfb6\ud83d\udca5\u00a0<\/p>\n<p>\u00a0<\/p>\n<p>\n<strong>\ud83d\udc83Performeurs<\/strong>\u00a0<\/p>\n<p>Le show sera assur\u00e9 par <strong>Magic Max, Alina <\/strong>et <strong>Britanie Dolls<\/strong> ! Ensemble, ils vous offriront un spectacle cabaret m\u00ealant sensualit\u00e9, \u00e9motion et extravagance. Un trio complice et explosif, \u00e0 l\u2019image de cette soir\u00e9e anniversaire ! \ud83d\udc60\ud83c\udfa9\u00a0<\/p>\n<p>\u00a0<\/p>\n<p>\n<strong>\ud83c\udf9f\ufe0fAIDES la chance \u2013 Tombola caritative<\/strong>\u00a0<\/p>\n<p>Tentez votre chance en participant \u00e0 <strong>la grande tombola solidaire<\/strong> au profit de <strong>AIDES<\/strong> ! De nombreux lots offerts par les commer\u00e7ants lillois sont \u00e0 gagner. \ud83c\udf81 Chaque participation compte et contribue \u00e0 une cause essentielle. \ud83d\udc96\u00a0<\/p>\n<p>\u00a0<\/p>\n<p>\n<strong>\ud83d\udcf8Photocall entre amis ou plus si affinit\u00e9s<\/strong>\u00a0<\/p>\n<p>Immortalisez votre passage au <strong>photocall<\/strong> cabaret ! Rires, paillettes et souvenirs \u00e0 partager pour c\u00e9l\u00e9brer ensemble la diversit\u00e9 et la convivialit\u00e9 de notre communaut\u00e9. \ud83d\udcf7\u2728\u00a0<\/p>\n<p>\u00a0<\/p>\n<p>\n<strong>\ud83c\udfb2Animations &amp; surprises<\/strong>\u00a0<\/p>\n<p>Comme \u00e0 chaque \u00e9dition, retrouvez <strong>de nombreux jeux et animations<\/strong>qui viendront pimenter votre soir\u00e9e ! \ud83c\udfad\ud83d\udca5 Entre rires, d\u00e9fis et moments complices, laissez-vous surprendre par une ambiance toujours plus d\u00e9jant\u00e9e.\u00a0<\/p>\n<p><strong>\u00a0<\/strong><\/p>\n<p>\n<strong>\ud83d\udc8bLe Boudoir<\/strong>\u00a0<\/p>\n<p>Un espace feutr\u00e9 et glamour, propice aux confidences, aux rires et aux rencontres. Laissez parler vos envies dans une atmosph\u00e8re cabaret chic, inclusive et d\u00e9complex\u00e9e. \ud83e\udd42\ud83d\udc84\u00a0<\/p>\n<p>\u00a0<\/p>\n<p>\n<strong>\ud83c\udf9f\ufe0fR\u00e9servations ouvertes<\/strong>\u00a0<\/p>\n<p>\u00a0<\/p>\n<p>\n<strong>\ud83d\udcb0Tarifs soir\u00e9e<\/strong>\u00a0<\/p>\n<p>\u27a1\ufe0f Entr\u00e9e simple : 12 \u20ac\u00a0<\/p>\n<p>\u27a1\ufe0f Entr\u00e9e \u00e9tudiant : 10 \u20ac\u00a0<\/p>\n<p>\u27a1\ufe0f Entr\u00e9e adh\u00e9rent d\u2019une association : 10 \u20ac\u00a0<\/p>\n<p>\u00a0<\/p>\n<p>\ud83c\udf82\u2728Rejoignez-nous pour souffler les bougies de <strong>LA D\u00c9CADENTE <\/strong>et vivre une soir\u00e9e cabaret unique o\u00f9 l\u2019extravagance rencontre l\u2019engagement ! Ensemble, faisons rimer f\u00eate et solidarit\u00e9. \ud83d\udc83\ud83c\udf89\ud83e\udd42\u00a0<\/p>\n<p>\u00a0<\/p>\n","protected":false},"excerpt":{"rendered":"\ud83c\udf82\ud83d\udc84Place au glamour et \u00e0 l\u2019engagement pour le CABARET BIRTHDAY SHOW \u2013 LA D\u00c9CADENTE #7 ! \ud83d\udc83\u2728\u00a0 \u00a0&hellip;\n","protected":false},"author":2,"featured_media":569882,"comment_status":"","ping_status":"","sticky":false,"template":"","format":"standard","meta":{"footnotes":""},"categories":[2815],"tags":[1111,11,1777,674,1011,27,811,1307,12,25],"class_list":{"0":"post-569881","1":"post","2":"type-post","3":"status-publish","4":"format-standard","5":"has-post-thumbnail","7":"category-lille","8":"tag-actu","9":"tag-actualites","10":"tag-eu","11":"tag-europe","12":"tag-fr","13":"tag-france","14":"tag-hauts-de-france","15":"tag-lille","16":"tag-news","17":"tag-republique-francaise"},"share_on_mastodon":{"url":"https:\/\/pubeurope.com\/@fr\/115641397100572940","error":""},"_links":{"self":[{"href":"https:\/\/www.europesays.com\/fr\/wp-json\/wp\/v2\/posts\/569881","targetHints":{"allow":["GET"]}}],"collection":[{"href":"https:\/\/www.europesays.com\/fr\/wp-json\/wp\/v2\/posts"}],"about":[{"href":"https:\/\/www.europesays.com\/fr\/wp-json\/wp\/v2\/types\/post"}],"author":[{"embeddable":true,"href":"https:\/\/www.europesays.com\/fr\/wp-json\/wp\/v2\/users\/2"}],"replies":[{"embeddable":true,"href":"https:\/\/www.europesays.com\/fr\/wp-json\/wp\/v2\/comments?post=569881"}],"version-history":[{"count":0,"href":"https:\/\/www.europesays.com\/fr\/wp-json\/wp\/v2\/posts\/569881\/revisions"}],"wp:featuredmedia":[{"embeddable":true,"href":"https:\/\/www.europesays.com\/fr\/wp-json\/wp\/v2\/media\/569882"}],"wp:attachment":[{"href":"https:\/\/www.europesays.com\/fr\/wp-json\/wp\/v2\/media?parent=569881"}],"wp:term":[{"taxonomy":"category","embeddable":true,"href":"https:\/\/www.europesays.com\/fr\/wp-json\/wp\/v2\/categories?post=569881"},{"taxonomy":"post_tag","embeddable":true,"href":"https:\/\/www.europesays.com\/fr\/wp-json\/wp\/v2\/tags?post=569881"}],"curies":[{"name":"wp","href":"https:\/\/api.w.org\/{rel}","templated":true}]}}