{"id":569903,"date":"2025-12-01T00:19:15","date_gmt":"2025-12-01T00:19:15","guid":{"rendered":"https:\/\/www.europesays.com\/fr\/569903\/"},"modified":"2025-12-01T00:19:15","modified_gmt":"2025-12-01T00:19:15","slug":"pour-trump-un-evenement-naide-pas-lukraine-dans-les-negociations-pour-mettre-fin-a-la-guerre-avec-la-russie","status":"publish","type":"post","link":"https:\/\/www.europesays.com\/fr\/569903\/","title":{"rendered":"Pour Trump, un \u00e9v\u00e9nement \u00ab\u00a0n&rsquo;aide pas\u00a0\u00bb l&rsquo;Ukraine dans les n\u00e9gociations pour mettre fin \u00e0 la guerre avec la Russie"},"content":{"rendered":"<p><a href=\"https:\/\/www.lalibre.be\/international\/europe\/guerre-ukraine-russie\/2025\/11\/30\/vladimir-poutine-et-lobsession-de-limmortalite-4ZF5KOEHJRGJPPVCKQWDX6UKLY\/\" target=\"_self\" class=\"ap-StoryInterstitialLink ap-StoryElement ap-StoryElement--mb js-paywall-target\" rel=\"noopener\">Vladimir Poutine et l&rsquo;obsession de l&rsquo;immortalit\u00e9<\/a><\/p>\n<p class=\"ap-StoryElement ap-StoryElement--mb ap-StoryText\">Il a cependant avou\u00e9 que le scandale de corruption qui frappe actuellement l&rsquo;Ukraine \u00ab\u00a0n&rsquo;aide pas\u00a0\u00bb dans les n\u00e9gociations.<\/p>\n<p class=\"ap-StoryElement ap-StoryElement--mb ap-StoryText\">\u00ab\u00a0L&rsquo;Ukraine a une petite situation probl\u00e9matique en cours, ce qui n&rsquo;aide pas\u00a0\u00bb, a estim\u00e9 le pr\u00e9sident am\u00e9ricain. Une vaste enqu\u00eate pour corruption dans le secteur \u00e9nerg\u00e9tique d\u00e9voil\u00e9e ces derni\u00e8res semaines a men\u00e9 au limogeage vendredi d&rsquo;Andri\u00ef Iermak, le bras droit du pr\u00e9sident ukrainien Volodymyr Zelensky, qui menait jusque-l\u00e0 les pourparlers avec les Etats-Unis.<\/p>\n<p>L&rsquo;\u00e9missaire am\u00e9ricain Steve Witkoff part pour Moscou lundi<\/p>\n<p class=\"ap-StoryElement ap-StoryElement--mb ap-StoryText\">L&rsquo;\u00e9missaire de Donald Trump, Steve Witkoff, va partir lundi pour Moscou, afin de poursuivre les n\u00e9gociations avec la Russie autour du plan am\u00e9ricain visant \u00e0 mettre fin \u00e0 la guerre en Ukraine, a annonc\u00e9 \u00e0 l&rsquo;AFP un haut responsable am\u00e9ricain.<\/p>\n<p class=\"ap-StoryElement ap-StoryElement--mb ap-StoryText\">Il devrait rencontrer le pr\u00e9sident russe Vladimir Poutine mardi. Ce voyage a lieu dans la foul\u00e9e de n\u00e9gociations entre des d\u00e9l\u00e9gations am\u00e9ricaine et ukrainienne en Floride dimanche, qualifi\u00e9es de \u00ab\u00a0productives\u00a0\u00bb par le secr\u00e9taire d&rsquo;\u00c9tat am\u00e9ricain Marco Rubio, qui a toutefois pr\u00e9venu qu'\u00a0\u00bbil rest(ait) encore du travail\u00a0\u00bb pour parvenir \u00e0 un accord.<\/p>\n","protected":false},"excerpt":{"rendered":"Vladimir Poutine et l&rsquo;obsession de l&rsquo;immortalit\u00e9 Il a cependant avou\u00e9 que le scandale de corruption qui frappe actuellement&hellip;\n","protected":false},"author":2,"featured_media":569904,"comment_status":"","ping_status":"","sticky":false,"template":"","format":"standard","meta":{"footnotes":""},"categories":[1591],"tags":[11,1887,1227,12,1885,1886,132],"class_list":{"0":"post-569903","1":"post","2":"type-post","3":"status-publish","4":"format-standard","5":"has-post-thumbnail","7":"category-russie","8":"tag-actualites","9":"tag-federation-de-russie","10":"tag-horizontal","11":"tag-news","12":"tag-russia","13":"tag-russian-federation","14":"tag-russie"},"share_on_mastodon":{"url":"https:\/\/pubeurope.com\/@fr\/115641448054097431","error":""},"_links":{"self":[{"href":"https:\/\/www.europesays.com\/fr\/wp-json\/wp\/v2\/posts\/569903","targetHints":{"allow":["GET"]}}],"collection":[{"href":"https:\/\/www.europesays.com\/fr\/wp-json\/wp\/v2\/posts"}],"about":[{"href":"https:\/\/www.europesays.com\/fr\/wp-json\/wp\/v2\/types\/post"}],"author":[{"embeddable":true,"href":"https:\/\/www.europesays.com\/fr\/wp-json\/wp\/v2\/users\/2"}],"replies":[{"embeddable":true,"href":"https:\/\/www.europesays.com\/fr\/wp-json\/wp\/v2\/comments?post=569903"}],"version-history":[{"count":0,"href":"https:\/\/www.europesays.com\/fr\/wp-json\/wp\/v2\/posts\/569903\/revisions"}],"wp:featuredmedia":[{"embeddable":true,"href":"https:\/\/www.europesays.com\/fr\/wp-json\/wp\/v2\/media\/569904"}],"wp:attachment":[{"href":"https:\/\/www.europesays.com\/fr\/wp-json\/wp\/v2\/media?parent=569903"}],"wp:term":[{"taxonomy":"category","embeddable":true,"href":"https:\/\/www.europesays.com\/fr\/wp-json\/wp\/v2\/categories?post=569903"},{"taxonomy":"post_tag","embeddable":true,"href":"https:\/\/www.europesays.com\/fr\/wp-json\/wp\/v2\/tags?post=569903"}],"curies":[{"name":"wp","href":"https:\/\/api.w.org\/{rel}","templated":true}]}}