{"id":569905,"date":"2025-12-01T00:20:15","date_gmt":"2025-12-01T00:20:15","guid":{"rendered":"https:\/\/www.europesays.com\/fr\/569905\/"},"modified":"2025-12-01T00:20:15","modified_gmt":"2025-12-01T00:20:15","slug":"lukraine-frappe-le-port-de-novorossiysk-et-deux-tankers-de-la-flotte-fantome-russe","status":"publish","type":"post","link":"https:\/\/www.europesays.com\/fr\/569905\/","title":{"rendered":"L\u2019Ukraine frappe le port de Novorossiysk et deux tankers de la flotte fant\u00f4me russe"},"content":{"rendered":"<p>\n      Alors que les \u00c9tats-Unis font pression sur Kiev pour conclure un accord de paix avec Moscou, les forces russes continuent d\u2019attaquer l\u2019Ukraine. Et celle-ci rend les coups. Dans une s\u00e9rie d\u2019op\u00e9rations spectaculaires conduites par des drones de surface en mer Noire, deux tankers appartenant \u00e0 la flotte fant\u00f4me russe, ainsi que la base navale et le terminal p\u00e9trolier du port de Novorossiysk ont \u00e9t\u00e9 frapp\u00e9s.\n    <\/p>\n<p>Les activit\u00e9s du terminal p\u00e9trolier du port russe de Novorossiysk, \u00e0 l\u2019Est de la mer Noire, ont \u00e9t\u00e9 interrompues samedi 29 novembre suite \u00e0 une attaque men\u00e9e par des drones de surface. Cette importante infrastructure sert notamment \u00e0 l\u2019exportation du brut produit au Kazakhstan, dans la r\u00e9gion de la Caspienne, via un ol\u00e9oduc long de 1500 km. La base navale de Novorossiysk, o\u00f9 le gros de la flotte russe de la mer Noire s\u2019est repli\u00e9 suite aux attaques r\u00e9p\u00e9t\u00e9es contre son bastion de S\u00e9bastopol, a aussi \u00e9t\u00e9 cibl\u00e9e la semaine derni\u00e8re par les forces ukrainiennes. Au moins un b\u00e2timent de d\u00e9barquement de chars aurait \u00e9t\u00e9 touch\u00e9.\u00a0<\/p>\n<p>De plus, vendredi 28 et samedi 29 novembre, deux tankers appartenant \u00e0 la flotte fant\u00f4me employ\u00e9e par la Russie pour contourner les sanctions internationales sur ses exportations d\u2019hydrocarbures, ont \u00e9t\u00e9 frapp\u00e9s au large de la Turquie. Cette op\u00e9ration a \u00e9t\u00e9 revendiqu\u00e9e par Kiev samedi 29 novembre. Des drones de surface Sea Baby ont \u00e9t\u00e9 employ\u00e9s par les Ukrainiens pour attaquer ces navires, qui faisaient route vers Novorossiysk et naviguaient \u00e0 vide.\u00a0<\/p>\n<p>\u00a0<\/p>\n<p>      La position du Kairos vendredi 28 novembre.\u00a0<\/p>\n<p>\u00a0<\/p>\n<p>L\u2019un de ces p\u00e9troliers est le Kairos, navire de 274 m\u00e8tres de long pour 48 m\u00e8tres de large affichant un port en lourd de quasiment 150.000 tonnes. Construit en 2002 et pr\u00e9c\u00e9demment immatricul\u00e9 en Gambie (ce qui ne serait plus le cas), il venait d\u2019\u00c9gypte lorsqu\u2019il a \u00e9t\u00e9 frapp\u00e9 peu apr\u00e8s avoir franchi le Bosphore, \u00e0 moins de 30 nautiques des c\u00f4tes de la Turquie. Touch\u00e9 \u00e0 l\u2019arri\u00e8re et victime d\u2019un important incendie, le Kairos a \u00e9t\u00e9 rejoint par des navires de sauvetage turcs. Les 25 membres d\u2019\u00e9quipage ont \u00e9t\u00e9 secourus et le feu ma\u00eetris\u00e9.\u00a0<\/p>\n<p>\u00a0<\/p>\n<p>      La position du Virat samedi 29 novembre.\u00a0<\/p>\n<p>\u00a0<\/p>\n<p>L\u2019autre p\u00e9trolier vis\u00e9 par l\u2019attaque et le Virat, battant \u00e9galement pavillon gambien, du moins officiellement. Construit en 2018, ce navire de 250 m\u00e8tres de long pour 44 m\u00e8tres de large et plus de 115.000 tpl avait se trouve un peu plus \u00e0 l\u2019Est mais \u00e9galement proche des c\u00f4tes turques, puisqu\u2019il a \u00e9t\u00e9 frapp\u00e9 \u00e0 environ 35 nautiques au large. Il a \u00e9t\u00e9 apparemment vis\u00e9 par une nouvelle attaque de drone samedi. Ses 20 membres d\u2019\u00e9quipage seraient sains et saufs et le navire, \u00e0 flot, devrait \u00eatre remorqu\u00e9 par les Turcs vers un lieu s\u00fbr.\u00a0<\/p>\n<p>Ces navires sont sous le coup de sanctions europ\u00e9ennes et am\u00e9ricaines.\u00a0<\/p>\n<p>Par ailleurs, on a appris dimanche qu\u2019un autre p\u00e9trolier de la flotte fant\u00f4me russe, le Mersin, \u00e9tait victime d\u2019une importante voie d\u2019eau alors qu\u2019il se trouve au large des c\u00f4tes s\u00e9n\u00e9galaises. Mis en service en 2009, ce p\u00e9trolier de 183 m\u00e8tres de long pour 32 m\u00e8tres de large et 50.000 tonnes de port en lourd \u00a0est immatricul\u00e9 au Panama. Il fr\u00e9quente semble-t-il r\u00e9guli\u00e8rement les ports russes, dont celui de Novorossiysk. Une op\u00e9ration de sauvetage a \u00e9t\u00e9 lanc\u00e9e par les autorit\u00e9s du S\u00e9n\u00e9gal, aucune information n\u2019\u00e9tant encore communiqu\u00e9e dimanche sur les causes de la voie d\u2019eau, qui s\u2019est d\u00e9clench\u00e9e dans la nuit du 27 au 28 novembre. Des images montrent sa poupe largement enfonc\u00e9e dans l&rsquo;eau.\u00a0<\/p>\n<p><strong>\u00a9 Un article de la r\u00e9daction de Mer et Marine.\u00a0Reproduction interdite sans consentement du ou des auteurs.<\/strong><\/p>\n<p>\u00a0<\/p>\n","protected":false},"excerpt":{"rendered":"Alors que les \u00c9tats-Unis font pression sur Kiev pour conclure un accord de paix avec Moscou, les forces&hellip;\n","protected":false},"author":2,"featured_media":569906,"comment_status":"","ping_status":"","sticky":false,"template":"","format":"standard","meta":{"footnotes":""},"categories":[1590],"tags":[11,6130,6141,6131,6138,2380,6135,554,1777,6136,674,6139,6134,3135,6128,567,6129,6127,12,6132,4838,6133,6140,6137,220],"class_list":{"0":"post-569905","1":"post","2":"type-post","3":"status-publish","4":"format-standard","5":"has-post-thumbnail","7":"category-ukraine","8":"tag-actualites","9":"tag-chantiers","10":"tag-commando","11":"tag-construction-navale","12":"tag-costa","13":"tag-croisiere","14":"tag-dcns","15":"tag-defense","16":"tag-eu","17":"tag-euronaval","18":"tag-europe","19":"tag-fremm","20":"tag-interviews","21":"tag-littoral","22":"tag-marine","23":"tag-marine-nationale","24":"tag-maritime","25":"tag-mer","26":"tag-news","27":"tag-offshore","28":"tag-peche","29":"tag-reportages","30":"tag-sncm","31":"tag-stx","32":"tag-ukraine"},"share_on_mastodon":{"url":"","error":""},"_links":{"self":[{"href":"https:\/\/www.europesays.com\/fr\/wp-json\/wp\/v2\/posts\/569905","targetHints":{"allow":["GET"]}}],"collection":[{"href":"https:\/\/www.europesays.com\/fr\/wp-json\/wp\/v2\/posts"}],"about":[{"href":"https:\/\/www.europesays.com\/fr\/wp-json\/wp\/v2\/types\/post"}],"author":[{"embeddable":true,"href":"https:\/\/www.europesays.com\/fr\/wp-json\/wp\/v2\/users\/2"}],"replies":[{"embeddable":true,"href":"https:\/\/www.europesays.com\/fr\/wp-json\/wp\/v2\/comments?post=569905"}],"version-history":[{"count":0,"href":"https:\/\/www.europesays.com\/fr\/wp-json\/wp\/v2\/posts\/569905\/revisions"}],"wp:featuredmedia":[{"embeddable":true,"href":"https:\/\/www.europesays.com\/fr\/wp-json\/wp\/v2\/media\/569906"}],"wp:attachment":[{"href":"https:\/\/www.europesays.com\/fr\/wp-json\/wp\/v2\/media?parent=569905"}],"wp:term":[{"taxonomy":"category","embeddable":true,"href":"https:\/\/www.europesays.com\/fr\/wp-json\/wp\/v2\/categories?post=569905"},{"taxonomy":"post_tag","embeddable":true,"href":"https:\/\/www.europesays.com\/fr\/wp-json\/wp\/v2\/tags?post=569905"}],"curies":[{"name":"wp","href":"https:\/\/api.w.org\/{rel}","templated":true}]}}