{"id":569910,"date":"2025-12-01T00:23:21","date_gmt":"2025-12-01T00:23:21","guid":{"rendered":"https:\/\/www.europesays.com\/fr\/569910\/"},"modified":"2025-12-01T00:23:21","modified_gmt":"2025-12-01T00:23:21","slug":"hambourg-fait-chuter-stuttgart-au-classement","status":"publish","type":"post","link":"https:\/\/www.europesays.com\/fr\/569910\/","title":{"rendered":"Hambourg fait chuter Stuttgart au classement"},"content":{"rendered":"<p>\n    Pourtant en sup\u00e9riorit\u00e9 num\u00e9rique en fin de match, Stuttgart s\u2019est inclin\u00e9 face \u00e0 Hambourg (2-1) et prend du retard au classement de Bundesliga.<\/p>\n<p class=\"fig-paragraph\">Stuttgart est all\u00e9 s&rsquo;incliner en toute fin de match \u00e0 Hambourg 2 \u00e0 1, malgr\u00e9 une sup\u00e9riorit\u00e9 num\u00e9rique d&rsquo;une quinzaine de minutes, dimanche lors de la\u00a0<a href=\"http:\/\/www.lefigaro.fr\/sports\/football\/allemagne\/bundesliga-dans-la-douleur-le-bayern-s-impose-face-a-st-pauli-20251129\" target=\"_blank\" data-fig-type=\"NewsFlash\" rel=\"noopener\" data-gtm-custom-categorie=\"navigation\" data-gtm-custom-action=\"crossclick\" data-gtm-custom-label=\"Contextuel\" data-gtm-event=\"customEventSPE\" data-fig-domain=\"LEFIGARO\">12e journ\u00e9e du championnat d&rsquo;Allemagne<\/a>.<\/p>\n<p class=\"fig-paragraph\">Avec ce revers, les hommes de Sebastian Hoeness reculent \u00e0 la 6e place avec 22 points et manquent l&rsquo;occasion de se rapprocher du podium, au sein d&rsquo;un groupe de cinq poursuivants du Bayern en quatre points &#8211; Leipzig (26), Dortmund (25), Leverkusen (23), Hoffenheim (23), Stuttgart (22).<\/p>\n<p>                                            <a class=\"fig-a11y-skip\" href=\"#fig-a11y-skip-main-inarticle\" data-module=\"a11y-skip\" data-context=\"was @visible\"><br \/>\n    Passer la publicit\u00e9<br \/>\n<\/a>            <\/p>\n<p class=\"fig-paragraph\">Men\u00e9 au score d\u00e8s la 17e minute sur un but de Robert Glatzel, Stuttgart a \u00e9galis\u00e9 \u00e0 la 54e par Deniz Undav. Le club souabe a \u00e9volu\u00e9 \u00e0 partir de la 81e minute en sup\u00e9riorit\u00e9 num\u00e9rique apr\u00e8s l&rsquo;exclusion d&rsquo;Alexander R\u00f6ssing-Lelesiit.<\/p>\n<p class=\"fig-paragraph\">Dans le temps additonnel, sur un coup franc \u00e0 l&rsquo;entr\u00e9e de la surface de r\u00e9paration du HSV compl\u00e8tement rat\u00e9 par Stuttgart, Hambourg est parti en contre, Fabio Bald\u00e9 a trouv\u00e9 Fabio Vieira pour arracher la victoire au bout du temps additionnel (90e+4).<\/p>\n","protected":false},"excerpt":{"rendered":"Pourtant en sup\u00e9riorit\u00e9 num\u00e9rique en fin de match, Stuttgart s\u2019est inclin\u00e9 face \u00e0 Hambourg (2-1) et prend du&hellip;\n","protected":false},"author":2,"featured_media":569911,"comment_status":"","ping_status":"","sticky":false,"template":"","format":"standard","meta":{"footnotes":""},"categories":[1587],"tags":[11,672,69,1804,1805,1803,1777,674,1801,1900,12,1802,12500],"class_list":{"0":"post-569910","1":"post","2":"type-post","3":"status-publish","4":"format-standard","5":"has-post-thumbnail","7":"category-allemagne","8":"tag-actualites","9":"tag-allemagne","10":"tag-bundesliga","11":"tag-bundesrepublik-deutschland","12":"tag-de","13":"tag-deutschland","14":"tag-eu","15":"tag-europe","16":"tag-germany","17":"tag-hambourg","18":"tag-news","19":"tag-republique-federale-dallemagne","20":"tag-stuttgart"},"share_on_mastodon":{"url":"https:\/\/pubeurope.com\/@fr\/115641463872963723","error":""},"_links":{"self":[{"href":"https:\/\/www.europesays.com\/fr\/wp-json\/wp\/v2\/posts\/569910","targetHints":{"allow":["GET"]}}],"collection":[{"href":"https:\/\/www.europesays.com\/fr\/wp-json\/wp\/v2\/posts"}],"about":[{"href":"https:\/\/www.europesays.com\/fr\/wp-json\/wp\/v2\/types\/post"}],"author":[{"embeddable":true,"href":"https:\/\/www.europesays.com\/fr\/wp-json\/wp\/v2\/users\/2"}],"replies":[{"embeddable":true,"href":"https:\/\/www.europesays.com\/fr\/wp-json\/wp\/v2\/comments?post=569910"}],"version-history":[{"count":0,"href":"https:\/\/www.europesays.com\/fr\/wp-json\/wp\/v2\/posts\/569910\/revisions"}],"wp:featuredmedia":[{"embeddable":true,"href":"https:\/\/www.europesays.com\/fr\/wp-json\/wp\/v2\/media\/569911"}],"wp:attachment":[{"href":"https:\/\/www.europesays.com\/fr\/wp-json\/wp\/v2\/media?parent=569910"}],"wp:term":[{"taxonomy":"category","embeddable":true,"href":"https:\/\/www.europesays.com\/fr\/wp-json\/wp\/v2\/categories?post=569910"},{"taxonomy":"post_tag","embeddable":true,"href":"https:\/\/www.europesays.com\/fr\/wp-json\/wp\/v2\/tags?post=569910"}],"curies":[{"name":"wp","href":"https:\/\/api.w.org\/{rel}","templated":true}]}}