{"id":569925,"date":"2025-12-01T00:39:17","date_gmt":"2025-12-01T00:39:17","guid":{"rendered":"https:\/\/www.europesays.com\/fr\/569925\/"},"modified":"2025-12-01T00:39:17","modified_gmt":"2025-12-01T00:39:17","slug":"a-la-rochelle-les-cyclistes-obliges-de-mettre-pied-a-terre","status":"publish","type":"post","link":"https:\/\/www.europesays.com\/fr\/569925\/","title":{"rendered":"\u00c0 La\u00a0Rochelle, les cyclistes oblig\u00e9s de mettre pied \u00e0 terre"},"content":{"rendered":"<p>Les usagers des deux roues et des trottinettes vont devoir s\u2019y faire\u00a0: pour calmer le jeu et remettre de l\u2019ordre dans le chaos du c\u0153ur historique, la Ville de La\u00a0Rochelle a d\u00e9cid\u00e9 qu\u2019\u00e0 certaines heures et \u00e0 certains endroits, il ne sera plus permis de circuler. Exemples\u00a0: il sera formellement interdit de faire du v\u00e9lo ou de la trottinette rues Saint-Jean-du-P\u00e9rot, des Carmes et de la Cha\u00eene, les samedis de 11 \u00e0 23\u00a0heures. Ou encore\u00a0: il faudra poser pied par terre les mercredis, vendredis et samedis de 6\u00a0\u00e0 23\u00a0heures, rue Gargoulleau.<\/p>\n<p>D\u00e9rision et satisfaction<\/p>\n<p>Il fallait s\u2019en douter\u00a0: depuis l\u2019annonce du dispositif en d\u00e9but de semaine, les Rochelais ne parlent que de \u00e7a. Et les avis sont tr\u00e8s partag\u00e9s, dans la rue comme sur les r\u00e9seaux, entre d\u00e9rision et satisfaction. \u00ab\u00a0Il va falloir sacr\u00e9ment r\u00e9viser avant d\u2019aller dans le centre\u00a0\u00bb, s\u2019amuse G\u00e9raldine. \u00ab\u00a0La personne qui a con\u00e7u ce plan, c\u2019est la m\u00eame qui avait install\u00e9 15 stops avenue de F\u00e9tilly\u00a0?\u00a0\u00bb, ironise Philgood.<\/p>\n<p>\u00ab\u00a0Donc en r\u00e9sum\u00e9, plus de v\u00e9lo le samedi dans toute la majorit\u00e9 de l\u2019hypercentre (march\u00e9 et vieux port), le mercredi matin secteur du march\u00e9 et le vendredi toute la journ\u00e9e rue Gargoulleau. J\u2019ai bon\u00a0?\u00a0\u00bb, se demande Caramelad. \u00ab\u00a0Enfin, merci, j\u2019ai failli \u00eatre renvers\u00e9e rue Gargoulleau je ne sais combien de fois par des mal \u00e9lev\u00e9s qui se croient tout permis. Il \u00e9tait temps\u00a0\u00bb, t\u00e9moigne Isabelle.<\/p>\n<blockquote><p>\u00ab C\u2019est le comportement de certains qui fait qu\u2019au bout du compte, on doit finir par l\u00e9gif\u00e9rer \u00bb<\/p><\/blockquote>\n<p>Pour Ing\u00e9nieur17, c\u2019est aussi une bonne chose\u00a0: \u00ab\u00a0La plupart de ces mesures sont \u00e9videntes : mettre pied \u00e0 terre rue des Mariettes, sur les ponts pi\u00e9tons et les jours de march\u00e9 dans les rues concern\u00e9es.\u00a0\u00bb \u00ab\u00a0L\u00e0 o\u00f9 on va bien rigoler, c\u2019est avec les livreurs Uber Eats, Deliveroo, etc. Il y en a qui vont manger froid. Mais qui va contr\u00f4ler tout \u00e7a\u00a0? Sans compter les panneaux r\u00e9glementaires qu\u2019il va falloir installer\u00a0!\u00a0\u00bb, se demande John.<\/p>\n<p>\u00ab Bon sens \u00bb<\/p>\n<p>\u00c0 la t\u00eate de Tand\u2019amis et ex-pr\u00e9sident de l\u2019association V\u00e9lo-\u00e9cole, Philippe Aubert assure que la mesure va dans le bon sens. \u00ab\u00a0Bien s\u00fbr, tout le monde se serait pass\u00e9 de ce genre d\u2019arr\u00eat\u00e9. Mais c\u2019est le comportement de certains qui fait qu\u2019au bout du compte, on doit finir par l\u00e9gif\u00e9rer. Mettre un pied \u00e0 terre dans certaines rues trop fr\u00e9quent\u00e9es par des pi\u00e9tons, c\u2019est du bon sens\u00a0\u00bb, rappelle le cycliste. Sa seule r\u00e9serve\u00a0: l\u2019interdiction d\u00e8s 6\u00a0heures alors qu\u2019\u00e0 cette heure-l\u00e0, ce n\u2019est pas encore franchement la jungle en centre-ville.<\/p>\n","protected":false},"excerpt":{"rendered":"Les usagers des deux roues et des trottinettes vont devoir s\u2019y faire\u00a0: pour calmer le jeu et remettre&hellip;\n","protected":false},"author":2,"featured_media":569926,"comment_status":"","ping_status":"","sticky":false,"template":"","format":"standard","meta":{"footnotes":""},"categories":[1411],"tags":[1154,207,1011,27,60],"class_list":{"0":"post-569925","1":"post","2":"type-post","3":"status-publish","4":"format-standard","5":"has-post-thumbnail","7":"category-cyclisme","8":"tag-cycling","9":"tag-cyclisme","10":"tag-fr","11":"tag-france","12":"tag-sports"},"share_on_mastodon":{"url":"https:\/\/pubeurope.com\/@fr\/115641526841192629","error":""},"_links":{"self":[{"href":"https:\/\/www.europesays.com\/fr\/wp-json\/wp\/v2\/posts\/569925","targetHints":{"allow":["GET"]}}],"collection":[{"href":"https:\/\/www.europesays.com\/fr\/wp-json\/wp\/v2\/posts"}],"about":[{"href":"https:\/\/www.europesays.com\/fr\/wp-json\/wp\/v2\/types\/post"}],"author":[{"embeddable":true,"href":"https:\/\/www.europesays.com\/fr\/wp-json\/wp\/v2\/users\/2"}],"replies":[{"embeddable":true,"href":"https:\/\/www.europesays.com\/fr\/wp-json\/wp\/v2\/comments?post=569925"}],"version-history":[{"count":0,"href":"https:\/\/www.europesays.com\/fr\/wp-json\/wp\/v2\/posts\/569925\/revisions"}],"wp:featuredmedia":[{"embeddable":true,"href":"https:\/\/www.europesays.com\/fr\/wp-json\/wp\/v2\/media\/569926"}],"wp:attachment":[{"href":"https:\/\/www.europesays.com\/fr\/wp-json\/wp\/v2\/media?parent=569925"}],"wp:term":[{"taxonomy":"category","embeddable":true,"href":"https:\/\/www.europesays.com\/fr\/wp-json\/wp\/v2\/categories?post=569925"},{"taxonomy":"post_tag","embeddable":true,"href":"https:\/\/www.europesays.com\/fr\/wp-json\/wp\/v2\/tags?post=569925"}],"curies":[{"name":"wp","href":"https:\/\/api.w.org\/{rel}","templated":true}]}}