{"id":569931,"date":"2025-12-01T00:42:15","date_gmt":"2025-12-01T00:42:15","guid":{"rendered":"https:\/\/www.europesays.com\/fr\/569931\/"},"modified":"2025-12-01T00:42:15","modified_gmt":"2025-12-01T00:42:15","slug":"jacque-cilirie-loeil-affute-du-photographe","status":"publish","type":"post","link":"https:\/\/www.europesays.com\/fr\/569931\/","title":{"rendered":"Jacque Cilirie, l\u2019\u0153il aff\u00fbt\u00e9 du photographe"},"content":{"rendered":"<p class=\"svelte-qfpp5o first-paragraph\">Jacques Cilirie est connu en Guadeloupe pour avoir \u00e9t\u00e9 le photographe de toute une g\u00e9n\u00e9ration. Il a fait ses d\u00e9buts avec deux amis, qui l\u2019ont initi\u00e9\u00a0: Eric M\u00e9rault et feu Daniel Bourguignon. Ensemble, ils ont mont\u00e9 un petit laboratoire, au fond de la maison des parents d\u2019un quatri\u00e8me camarade, Paulin dit \u00ab\u00a0Jojo\u00a0\u00bb. Ainsi a commenc\u00e9 la passion.<\/p>\n<blockquote class=\"quote svelte-15qzpub\">\n<p class=\"text svelte-15qzpub\">\u00ab Pour moi, la photo, ce n&rsquo;est pas un sujet pr\u00e9cis. La photo, c&rsquo;est tout. C&rsquo;est tout et ce n\u2019est rien. Ce qui peut vous plaire, peut ne pas plaire \u00e0 quelqu&rsquo;un d&rsquo;autre. Mais je m&rsquo;arrangeais toujours pour que ce que je r\u00e9alise commence d\u00e9j\u00e0 par me plaire. Et quand \u00e7a me plaisait, je n&rsquo;avais pas honte de le montrer aux autres.  \u00bb<\/p>\n<p> Jacques Cilirie, photographe \u00e0 la retraite<\/p><\/blockquote>\n<p class=\"svelte-qfpp5o\">Pour Jacques Cilirie, son \u00e9volution dans le domaine de la photographie a \u00e9t\u00e9 facilit\u00e9e par ses amiti\u00e9s. Un autre de ses proches, l\u2019ancien maire de Pointe-\u00e0-Pitre Jacques Bambou, \u00e0 l&rsquo;\u00e9poque o\u00f9 il \u00e9tait jeune m\u00e9decin, lui a permis d\u2019approcher une m\u00e8re qu\u2019il devait accoucher.<\/p>\n<blockquote class=\"quote svelte-15qzpub\">\n<p class=\"text svelte-15qzpub\">\u00ab Je lui ai demand\u00e9, un jour, de venir pour pouvoir faire des photos d&rsquo;un b\u00e9b\u00e9 qui sort des entrailles de sa m\u00e8re. Et c&rsquo;est un peu pour ces raisons-l\u00e0 que j&rsquo;ai gard\u00e9 la photo parce que, pour moi, c&rsquo;est une photo de la naissance du monde. Ce n&rsquo;est pas parce que c&rsquo;est un enfant qui na\u00eet, mais c&rsquo;est tous les hommes qui naissent exactement comme cet enfant-l\u00e0.  \u00bb<\/p>\n<p> Jacques Cilirie, photographe \u00e0 la retraite<\/p><\/blockquote>\n<p class=\"svelte-qfpp5o\">La photo a pris une grande place dans sa vie. Pourtant, sa profession \u00e9tait enseignant d\u2019Education physique et sportive (EPS).<\/p>\n<blockquote class=\"quote svelte-15qzpub\">\n<p class=\"text svelte-15qzpub\">\u00ab \u00c9coutez, jusqu&rsquo;\u00e0 aujourd&rsquo;hui, quand je rencontre des anciens \u00e9l\u00e8ves, ils m&#8217;embrassent. Je ne me souviens peut-\u00eatre m\u00eame pas de leur nom, de leur visage. Ils viennent me rappeler qui ils sont et ils m&#8217;embrassent, tant gar\u00e7ons que filles, puisque j&rsquo;ai toujours \u00e9t\u00e9 un professeur correct. Je ne suis jamais arriv\u00e9 en retard \u00e0 mes cours. Donc, parall\u00e8lement, je ne recevais personne qui arrivait en retard non plus. Ce qui fait que j&rsquo;avais toujours des pr\u00e9sents et on pouvait travailler sans probl\u00e8me.  \u00bb<\/p>\n<p> Jacques Cilirie, photographe&#8230; et professeur d&rsquo;EPS \u00e0 la retraite<\/p><\/blockquote>\n<p class=\"svelte-qfpp5o\">C\u2019\u00e9tait aussi un footballeur\u00a0! Sur le sujet, il ne dit pas qu\u2019il \u00e9tait bon, mais qu\u2019il n\u2019\u00e9tait pas mauvais.<\/p>\n<p class=\"svelte-qfpp5o\">Il constate qu\u2019aujourd&rsquo;hui, tout le monde croit \u00eatre photographe, parce que tout le monde poss\u00e8de un t\u00e9l\u00e9phone portable. Mais il n\u2019en est rien, de son point de vue.<\/p>\n<blockquote class=\"quote svelte-15qzpub\">\n<p class=\"text svelte-15qzpub\">\u00ab Quand je les vois, honn\u00eatement, ce n&rsquo;est pas par pr\u00e9tention, mais \u00e7a me fait rigoler, parce que je dis que la photographie, c&rsquo;est un art. Et \u00eatre artiste, ce n&rsquo;est pas donn\u00e9 \u00e0 tout le monde. Alors, ce n&rsquo;est pas que je sois un artiste, hein. Mais enfin, disons que je manipulais bien mon appareil photo. Mais les appareils ont tellement \u00e9volu\u00e9, que je me suis d\u00e9pass\u00e9\u00a0; et, \u00e7a, je le reconnais.  \u00bb<\/p>\n<p> Jacques Cilirie, photographe \u00e0 la retraite<\/p><\/blockquote>\n<p class=\"svelte-qfpp5o\"><b>REPORTAGE\/<\/b><\/p>\n<ul class=\"svelte-qfpp5o\">\n<li class=\"svelte-qfpp5o\">R\u00e9dacteur\u00a0: Eddy Golabkan<\/li>\n<li class=\"svelte-qfpp5o\">Reporteur d\u2019images\u00a0: Christian Danquin<\/li>\n<li class=\"svelte-qfpp5o\">Monteur\u00a0: Thierry Gayadine-Harricham<\/li>\n<\/ul>\n","protected":false},"excerpt":{"rendered":"Jacques Cilirie est connu en Guadeloupe pour avoir \u00e9t\u00e9 le photographe de toute une g\u00e9n\u00e9ration. Il a fait&hellip;\n","protected":false},"author":2,"featured_media":569932,"comment_status":"","ping_status":"","sticky":false,"template":"","format":"standard","meta":{"footnotes":""},"categories":[1358],"tags":[1348,1384,1385,1386,58,59,1011,27],"class_list":{"0":"post-569931","1":"post","2":"type-post","3":"status-publish","4":"format-standard","5":"has-post-thumbnail","7":"category-arts-et-design","8":"tag-arts","9":"tag-arts-and-design","10":"tag-arts-et-design","11":"tag-design","12":"tag-divertissement","13":"tag-entertainment","14":"tag-fr","15":"tag-france"},"share_on_mastodon":{"url":"https:\/\/pubeurope.com\/@fr\/115641538500676315","error":""},"_links":{"self":[{"href":"https:\/\/www.europesays.com\/fr\/wp-json\/wp\/v2\/posts\/569931","targetHints":{"allow":["GET"]}}],"collection":[{"href":"https:\/\/www.europesays.com\/fr\/wp-json\/wp\/v2\/posts"}],"about":[{"href":"https:\/\/www.europesays.com\/fr\/wp-json\/wp\/v2\/types\/post"}],"author":[{"embeddable":true,"href":"https:\/\/www.europesays.com\/fr\/wp-json\/wp\/v2\/users\/2"}],"replies":[{"embeddable":true,"href":"https:\/\/www.europesays.com\/fr\/wp-json\/wp\/v2\/comments?post=569931"}],"version-history":[{"count":0,"href":"https:\/\/www.europesays.com\/fr\/wp-json\/wp\/v2\/posts\/569931\/revisions"}],"wp:featuredmedia":[{"embeddable":true,"href":"https:\/\/www.europesays.com\/fr\/wp-json\/wp\/v2\/media\/569932"}],"wp:attachment":[{"href":"https:\/\/www.europesays.com\/fr\/wp-json\/wp\/v2\/media?parent=569931"}],"wp:term":[{"taxonomy":"category","embeddable":true,"href":"https:\/\/www.europesays.com\/fr\/wp-json\/wp\/v2\/categories?post=569931"},{"taxonomy":"post_tag","embeddable":true,"href":"https:\/\/www.europesays.com\/fr\/wp-json\/wp\/v2\/tags?post=569931"}],"curies":[{"name":"wp","href":"https:\/\/api.w.org\/{rel}","templated":true}]}}