{"id":569944,"date":"2025-12-01T00:50:19","date_gmt":"2025-12-01T00:50:19","guid":{"rendered":"https:\/\/www.europesays.com\/fr\/569944\/"},"modified":"2025-12-01T00:50:19","modified_gmt":"2025-12-01T00:50:19","slug":"amd-confirme-la-venue-du-processeur-ryzen-7-9850x3d-des-frequences-toujours-plus-elevees-clubic","status":"publish","type":"post","link":"https:\/\/www.europesays.com\/fr\/569944\/","title":{"rendered":"AMD confirme la venue du processeur Ryzen 7 9850X3D : des fr\u00e9quences toujours plus \u00e9lev\u00e9es &#8211; Clubic"},"content":{"rendered":"<ol>\n<li><a href=\"https:\/\/news.google.com\/rss\/articles\/CBMizgFBVV95cUxNUEZOZU11ZkpvY3dvLUo0emlQSEVjRDBJS2NxMF9aRlV2QUlrMngtOVZoV3lFQkhYaW93bC1POWRXai1hMVlNSDBscENOQld2RDVoWUUzVFFuUGQ2TEhMemJSc05mLW91YmhvUTdQRmdTc2tFVlBlTGk5NGlMdEZNaDRoT0hOODMxSm1LM2tyT1N6UWtaM3l2RzVBUDh1b2VOUXFtOTg3XzNWNlFkdEZETDhFUUNFeWNsRFVqNDl3eEhValJENVdGWTBMUUhsQQ?oc=5\" target=\"_blank\" rel=\"noopener\">AMD confirme la venue du processeur Ryzen 7 9850X3D : des fr\u00e9quences toujours plus \u00e9lev\u00e9es<\/a>&nbsp;&nbsp;Clubic<\/li>\n<li><a href=\"https:\/\/news.google.com\/rss\/articles\/CBMi-gFBVV95cUxNTXc5cHI2WEVXLWRibGlEZXpuS2VHMlZZaVh2SVUwTHpUSmE4SnY1S01oU2VOUF94MFA0RlhKM2RabWIyRXoyWENGd2g5REp3bVFEemxzYkNIVm5LTk1qZjF3VlExbk02QXZkeFViY1g3eDA5cWZvVHgtWXNsNm1OMUtXanl0Y2ZFcVdUY0d0NGJ5Q3h3SzVpOFVkR2hBZks1N1JIZUUwblVEX3V2MmQxdlhuTF9qbkJMR2Nfc1NrN0hkWlR2YmxJYmltSW94dHJPYk55Ul9XNUE4OXFBckpOa21JVmEtZmc2TWktZG5sX1Fvc05mcXlUQnhR?oc=5\" target=\"_blank\" rel=\"noopener\">Meilleur deal du Black Friday : l\u2019AMD Ryzen 7 7800X3D est \u00e9ligible \u00e0 ce code promo<\/a>&nbsp;&nbsp;Ouest-France<\/li>\n<li><a href=\"https:\/\/news.google.com\/rss\/articles\/CBMiwwFBVV95cUxOVThJS1ZKREt3anBUblJBc09SQk9HSWt4TU8tVjFxWjYtaUxmU2wtVk00VXVjMHU5V1RZbzZQWWJUZE5GYnpIcXo0OGVVZUwyaGlaN0R0MnRvWkFZZjZQNzBtLTJWbWZsWkRYeC1NbnhUSzRsNmN3RXh3RkpvRFZpOFVKZkdqdi1POTA1LWpDN0xCME00T3h5QzlQVUppQ09EZ241RDg3NE5UemQ0ajJCWGpKZUc2R2RQVDR6Tl9OUVphdVk?oc=5\" target=\"_blank\" rel=\"noopener\">AMD vide la fin des stocks au Black Friday : \u00e0 -42% le Ryzen 7 7800X3D se vend par camions \ud83d\ude9b<\/a>&nbsp;&nbsp;01net.com<\/li>\n<li><a href=\"https:\/\/news.google.com\/rss\/articles\/CBMi2gFBVV95cUxPc2RhZ21EbUFyeHZzNUR2TDlVYnlIUVI1akl3TE9mVkYzOHdkME04ZTE2UzN0cVNRRTBWQUc3TjJwSTl3VzB1ajVQMk9HcXE3NlhyVEQ2SlVZXzRCYVJUQU1Xdy1HNUpHOTNCWlBGQlRWeHJia3RLNHNBRS1DaUVYSVQzTlN5MGVMMWFYLVJkTFhSRDZvZlBaR1ZabnFMVmZJY0ZMLUJ2QVJ4OUdPY25xQ2tfZlIxNG40RFZNaElFQzRFY2xrZzhFZGlzZ052aERIOWtmdGhnbUlJQQ?oc=5\" target=\"_blank\" rel=\"noopener\">Les prix des CPU AMD et Intel semaine 48-205 : Grosses hausses chez les bleus, Baisses chez les rouges<\/a>&nbsp;&nbsp;Cowcotland<\/li>\n<li><a href=\"https:\/\/news.google.com\/rss\/articles\/CBMi3wFBVV95cUxNUGlOSXdpY1RmSHdocXpfZm5LZGtGSE56TnkwRjh4RWlvLWhyZHVWZTRCUkxpRXg4TW5LZHZ1RHdkNzRQaUtpS3p4NUFodUh3NFBfb2ZEN1BPdEZpXy1VRmJublFUMzBjZ0lERkdOSEpxUnJfN0JPWHNoVGNzUEhNcVl5NEhYRmlwRkFYNVVFeThza0cwM1BYRktCS3lXQ2J1LUdSRjh5UzNTWng4cXlkbXBFeTZSY1Q2aDhxWUxNM3gtOFhHSW5veUI5MjdOOXdPMFpyVUI0SHVxNHhCb3JV?oc=5\" target=\"_blank\" rel=\"noopener\">L&rsquo;AMD Ryzen 7 9800X3D, meilleur processeur pour le gaming, devient moins cher pour la fin du Black Friday<\/a>&nbsp;&nbsp;JeuxVideo.com<\/li>\n<\/ol>\n","protected":false},"excerpt":{"rendered":"AMD confirme la venue du processeur Ryzen 7 9850X3D : des fr\u00e9quences toujours plus \u00e9lev\u00e9es&nbsp;&nbsp;Clubic Meilleur deal du&hellip;\n","protected":false},"author":2,"featured_media":569945,"comment_status":"","ping_status":"","sticky":false,"template":"","format":"standard","meta":{"footnotes":""},"categories":[7],"tags":[1011,27,43,40,41,39,42,44],"class_list":{"0":"post-569944","1":"post","2":"type-post","3":"status-publish","4":"format-standard","5":"has-post-thumbnail","7":"category-sciences-et-technologies","8":"tag-fr","9":"tag-france","10":"tag-science","11":"tag-science-and-technology","12":"tag-sciences","13":"tag-sciences-et-technologies","14":"tag-technologies","15":"tag-technology"},"share_on_mastodon":{"url":"https:\/\/pubeurope.com\/@fr\/115641570090723388","error":""},"_links":{"self":[{"href":"https:\/\/www.europesays.com\/fr\/wp-json\/wp\/v2\/posts\/569944","targetHints":{"allow":["GET"]}}],"collection":[{"href":"https:\/\/www.europesays.com\/fr\/wp-json\/wp\/v2\/posts"}],"about":[{"href":"https:\/\/www.europesays.com\/fr\/wp-json\/wp\/v2\/types\/post"}],"author":[{"embeddable":true,"href":"https:\/\/www.europesays.com\/fr\/wp-json\/wp\/v2\/users\/2"}],"replies":[{"embeddable":true,"href":"https:\/\/www.europesays.com\/fr\/wp-json\/wp\/v2\/comments?post=569944"}],"version-history":[{"count":0,"href":"https:\/\/www.europesays.com\/fr\/wp-json\/wp\/v2\/posts\/569944\/revisions"}],"wp:featuredmedia":[{"embeddable":true,"href":"https:\/\/www.europesays.com\/fr\/wp-json\/wp\/v2\/media\/569945"}],"wp:attachment":[{"href":"https:\/\/www.europesays.com\/fr\/wp-json\/wp\/v2\/media?parent=569944"}],"wp:term":[{"taxonomy":"category","embeddable":true,"href":"https:\/\/www.europesays.com\/fr\/wp-json\/wp\/v2\/categories?post=569944"},{"taxonomy":"post_tag","embeddable":true,"href":"https:\/\/www.europesays.com\/fr\/wp-json\/wp\/v2\/tags?post=569944"}],"curies":[{"name":"wp","href":"https:\/\/api.w.org\/{rel}","templated":true}]}}