{"id":569946,"date":"2025-12-01T00:51:16","date_gmt":"2025-12-01T00:51:16","guid":{"rendered":"https:\/\/www.europesays.com\/fr\/569946\/"},"modified":"2025-12-01T00:51:16","modified_gmt":"2025-12-01T00:51:16","slug":"la-premiere-campagne-de-declaration-du-nouvel-impot-sur-les-plus-aises-souvre-ce-lundi","status":"publish","type":"post","link":"https:\/\/www.europesays.com\/fr\/569946\/","title":{"rendered":"La premi\u00e8re campagne de d\u00e9claration du nouvel imp\u00f4t sur les plus ais\u00e9s s\u2019ouvre ce lundi"},"content":{"rendered":"<p>\n    <strong>D\u00c9CRYPTAGE<\/strong> &#8211; Les concern\u00e9s ont \u00e0 peine deux semaines pour calculer ce qu\u2019ils doivent au titre de cet imp\u00f4t et s\u2019acquitter de 95\u00a0% de cette somme.<\/p>\n<p class=\"fig-paragraph\">Le\u00a0<a href=\"http:\/\/www.lefigaro.fr\/conjoncture\/prime-de-noel-fauteuils-roulants-garde-d-enfants-ce-qui-change-en-decembre-2025-20251128\" data-fig-type=\"NewsFlash\" data-gtm-custom-categorie=\"navigation\" data-gtm-custom-action=\"crossclick\" data-gtm-custom-label=\"Contextuel\" data-gtm-event=\"customEventSPE\" data-fig-domain=\"LEFIGARO\" target=\"_blank\" rel=\"noopener\">mois de d\u00e9cembre<\/a>\u00a0est un moment o\u00f9 la plupart des m\u00e9nages fran\u00e7ais se soucient de choses plus joyeuses que de d\u00e9clarer leurs imp\u00f4ts. Pourtant, cette ann\u00e9e, certains d\u2019entre eux vont \u00eatre contraints de le faire. Ce lundi 1er\u00a0d\u00e9cembre marque en effet le d\u00e9but de la premi\u00e8re campagne de d\u00e9claration de la contribution diff\u00e9rentielle sur les hauts revenus (CDHR).<\/p>\n<p class=\"fig-paragraph\">Ce nouvel imp\u00f4t ciblant les plus ais\u00e9s a \u00e9t\u00e9 mis en place dans le budget 2025 afin de d\u00e9gager des recettes suppl\u00e9mentaires pour des comptes publics qui en ont cruellement besoin &#8211; le d\u00e9ficit est attendu \u00e0 5,4\u00a0% du PIB \u00e0 la fin de l\u2019ann\u00e9e\u2026<\/p>\n<p class=\"fig-premium-paywall__infos\">\n        Cet article est r\u00e9serv\u00e9 aux abonn\u00e9s.        Il vous reste 87% \u00e0 d\u00e9couvrir.\n    <\/p>\n<p>                <img  data- alt=\"Le Figaro\" class=\"fig-img--complete fig-img\"\/><\/p>\n<p class=\"fig-premium-paywall__title\">Black Friday : derniers jours<\/p>\n<p class=\"fig-premium-paywall__subtitle\">-70% sur l&rsquo;abonnement num\u00e9rique<\/p>\n<p class=\"fig-premium-paywall__connect\">\n                D\u00e9j\u00e0 abonn\u00e9\u00a0?                <a class=\"fig-premium-paywall__connect-link\" href=\"https:\/\/connect.lefigaro.fr\/login?client=horizon_web&amp;type=main&amp;redirect_uri=https%3A%2F%2Fwww.lefigaro.fr%2Fconjoncture%2Fla-premiere-campagne-de-declaration-du-nouvel-impot-sur-les-plus-aises-s-ouvre-ce-lundi-20251130\" data-js-gtm=\"{&quot;customCategorie&quot;: &quot;conversion&quot;, &quot;customAction&quot;: &quot;before_Landing_Connexion_paywall_manuel&quot;, &quot;customLabel&quot;: &quot;bGVmaWdhcm8uZnJfXzFmMGNjNjdiLTE0ZDctNjJjMi1hM2M5LTE1NGMxN2M5MGExZF9fQXJ0aWNsZQ==_La premi\u00e8re campagne de d\u00e9claration du nouvel imp\u00f4t sur les plus ais\u00e9s s\u2019ouvre ce lundi_238&quot;, &quot;customIDSPE&quot;: &quot;bGVmaWdhcm8uZnJfXzFmMGNjNjdiLTE0ZDctNjJjMi1hM2M5LTE1NGMxN2M5MGExZF9fQXJ0aWNsZQ==&quot;, &quot;event&quot;: &quot;customEventSPE&quot;}\" target=\"_blank\" rel=\"noopener\"><br \/>\n                    Connectez-vous<br \/>\n                <\/a>\n            <\/p>\n","protected":false},"excerpt":{"rendered":"D\u00c9CRYPTAGE &#8211; Les concern\u00e9s ont \u00e0 peine deux semaines pour calculer ce qu\u2019ils doivent au titre de cet&hellip;\n","protected":false},"author":2,"featured_media":569947,"comment_status":"","ping_status":"","sticky":false,"template":"","format":"standard","meta":{"footnotes":""},"categories":[6],"tags":[35,33,34,6329,526,1011,27],"class_list":{"0":"post-569946","1":"post","2":"type-post","3":"status-publish","4":"format-standard","5":"has-post-thumbnail","7":"category-economie","8":"tag-business","9":"tag-economie","10":"tag-economy","11":"tag-finances-publiques","12":"tag-fiscalite","13":"tag-fr","14":"tag-france"},"share_on_mastodon":{"url":"https:\/\/pubeurope.com\/@fr\/115641573989819882","error":""},"_links":{"self":[{"href":"https:\/\/www.europesays.com\/fr\/wp-json\/wp\/v2\/posts\/569946","targetHints":{"allow":["GET"]}}],"collection":[{"href":"https:\/\/www.europesays.com\/fr\/wp-json\/wp\/v2\/posts"}],"about":[{"href":"https:\/\/www.europesays.com\/fr\/wp-json\/wp\/v2\/types\/post"}],"author":[{"embeddable":true,"href":"https:\/\/www.europesays.com\/fr\/wp-json\/wp\/v2\/users\/2"}],"replies":[{"embeddable":true,"href":"https:\/\/www.europesays.com\/fr\/wp-json\/wp\/v2\/comments?post=569946"}],"version-history":[{"count":0,"href":"https:\/\/www.europesays.com\/fr\/wp-json\/wp\/v2\/posts\/569946\/revisions"}],"wp:featuredmedia":[{"embeddable":true,"href":"https:\/\/www.europesays.com\/fr\/wp-json\/wp\/v2\/media\/569947"}],"wp:attachment":[{"href":"https:\/\/www.europesays.com\/fr\/wp-json\/wp\/v2\/media?parent=569946"}],"wp:term":[{"taxonomy":"category","embeddable":true,"href":"https:\/\/www.europesays.com\/fr\/wp-json\/wp\/v2\/categories?post=569946"},{"taxonomy":"post_tag","embeddable":true,"href":"https:\/\/www.europesays.com\/fr\/wp-json\/wp\/v2\/tags?post=569946"}],"curies":[{"name":"wp","href":"https:\/\/api.w.org\/{rel}","templated":true}]}}