{"id":569948,"date":"2025-12-01T00:52:12","date_gmt":"2025-12-01T00:52:12","guid":{"rendered":"https:\/\/www.europesays.com\/fr\/569948\/"},"modified":"2025-12-01T00:52:12","modified_gmt":"2025-12-01T00:52:12","slug":"le-niger-annonce-mettre-son-uranium-sur-le-marche-international","status":"publish","type":"post","link":"https:\/\/www.europesays.com\/fr\/569948\/","title":{"rendered":"Le Niger annonce mettre son uranium sur le march\u00e9 international"},"content":{"rendered":"<p>\n    L\u2019exploitation de l\u2019uranium dans le pays est au centre d\u2019un bras de fer entre la junte, au pouvoir depuis un coup d\u2019\u00c9tat perp\u00e9tr\u00e9 en juillet 2023, et le groupe fran\u00e7ais Orano.<\/p>\n<p class=\"fig-paragraph\">Le r\u00e9gime militaire du Niger a annonc\u00e9 dimanche soir mettre sur le march\u00e9 international l&rsquo;uranium produit par la Soma\u00efr, filiale du g\u00e9ant fran\u00e7ais Orano qui en a perdu le contr\u00f4le op\u00e9rationnel et nationalis\u00e9e par Niamey en juin. La Soma\u00efr, Soci\u00e9t\u00e9 des mines de l&rsquo;A\u00efr, \u00e9tait d\u00e9tenue \u00e0 63,4% par Orano et \u00e0 36,6% par l&rsquo;\u00c9tat du Niger.<\/p>\n<p class=\"fig-paragraph\">L&rsquo;exploitation de l&rsquo;uranium au Niger est au centre d&rsquo;un bras de fer entre la junte, au pouvoir depuis un coup d&rsquo;Etat perp\u00e9tr\u00e9 en juillet 2023, et le groupe Orano: un dossier qui illustre les tensions entre l&rsquo;ex-puissance coloniale fran\u00e7aise et les militaires nig\u00e9riens. Ces derniers ne cachent pas leur volont\u00e9 de se tourner vers de nouveaux partenaires, comme l&rsquo;Iran ou la Russie, quand Moscou a d\u00e9clar\u00e9 en juillet sa volont\u00e9 d&rsquo;exploiter l&rsquo;uranium nig\u00e9rien.<\/p>\n<p>                                            <a class=\"fig-a11y-skip\" href=\"#fig-a11y-skip-main-inarticle\" data-module=\"a11y-skip\" data-context=\"was @visible\"><br \/>\n    Passer la publicit\u00e9<br \/>\n<\/a>            <\/p>\n<p>                                            Plusieurs proc\u00e9dures d\u2019arbitrage international<\/p>\n<p class=\"fig-paragraph\">\u00abLe Niger, digne, met sur le march\u00e9 international sa propre production\u00bb, a d\u00e9clar\u00e9 un journaliste de la t\u00e9l\u00e9vision d&rsquo;\u00c9tat T\u00e9l\u00e9 Sahel, rapportant des propos tenus r\u00e9cemment par le chef de la junte, le g\u00e9n\u00e9ral Abdourahamane Tiani. Ce dernier a, selon le m\u00e9dia, revendiqu\u00e9 \u00able droit l\u00e9gitime du Niger de disposer de ses richesses naturelles, de les vendre \u00e0 qui souhaite acheter, dans les r\u00e8gles du march\u00e9, en toute ind\u00e9pendance\u00bb. Orano avait act\u00e9 en d\u00e9cembre 2024 la perte du contr\u00f4le op\u00e9rationnel de ses trois filiales mini\u00e8res au Niger: la mine de la Soma\u00efr, celle de Cominak (ferm\u00e9e depuis 2021) et le gisement d&rsquo;Imouraren.<\/p>\n<p class=\"fig-paragraph\">Ce dernier site est l&rsquo;un des plus importants gisements d&rsquo;uranium au monde, avec des r\u00e9serves estim\u00e9es \u00e0 200.000 tonnes. Niamey avait retir\u00e9 \u00e0 Orano son permis d&rsquo;exploitation. En juin dernier, la junte militaire a annonc\u00e9 la nationalisation de la Soma\u00efr.<\/p>\n<p class=\"fig-body-link\">\n<p>        Regarder la vid\u00e9o<br \/>\n        <a class=\"fig-body-link__link\" href=\"https:\/\/video.lefigaro.fr\/figaro\/international\/le-niger-reproche-au-gouvernement-francais-de-lempecher-dexploiter-son-uranium-20250927\" target=\"_blank\" data-fig-type=\"Video\" rel=\"noopener\" data-gtm-custom-categorie=\"navigation\" data-gtm-custom-action=\"crossclick\" data-gtm-custom-label=\"Contextuel\" data-gtm-event=\"customEventSPE\" data-fig-domain=\"LEFIGARO\"><\/p>\n<p>        Le Niger reproche au gouvernement fran\u00e7ais de l&#8217;emp\u00eacher d&rsquo;exploiter son uranium<br \/>\n    <\/a>\n<\/p>\n<p class=\"fig-paragraph\">Orano, dont le capital est d\u00e9tenu \u00e0 plus de 90% par l&rsquo;\u00c9tat fran\u00e7ais, a engag\u00e9 plusieurs proc\u00e9dures d&rsquo;arbitrage international contre l&rsquo;\u00c9tat du Niger. Fin septembre, l&rsquo;entreprise a annonc\u00e9 la d\u00e9cision en sa faveur d&rsquo;un tribunal concernant la mine de la Soma\u00efr. Selon Orano, ce tribunal a enjoint au Niger de ne pas vendre l&rsquo;uranium produit par la Soma\u00efr, dont le site compte environ 1300 tonnes de concentr\u00e9, repr\u00e9sentant une valeur marchande de 250 millions d&rsquo;euros.<\/p>\n<p class=\"fig-paragraph\">D&rsquo;apr\u00e8s des informations publi\u00e9es ces derniers jours par le m\u00e9dia LSI Africa et Wamaps, groupe de journalistes ouest-africains sp\u00e9cialis\u00e9s dans l&rsquo;actualit\u00e9 s\u00e9curitaire au Sahel, un convoi transportant 1.000 tonnes d&rsquo;uranium serait r\u00e9cemment parti d&rsquo;Arlit, ville du nord o\u00f9 se trouve le site de la Soma\u00efr, pour atteindre le port de Lom\u00e9, la capitale togolaise, en passant par le Burkina Faso.<\/p>\n<p class=\"fig-paragraph\">Pour l&rsquo;heure, l&rsquo;AFP n&rsquo;a pas pu v\u00e9rifier cette information de source ind\u00e9pendante. Le Niger fournit 4,7% de la production mondiale d&rsquo;uranium naturel, selon des chiffres de 2021 de l&rsquo;agence d&rsquo;approvisionnement d&rsquo;Euratom (ESA).<\/p>\n","protected":false},"excerpt":{"rendered":"L\u2019exploitation de l\u2019uranium dans le pays est au centre d\u2019un bras de fer entre la junte, au pouvoir&hellip;\n","protected":false},"author":2,"featured_media":569949,"comment_status":"","ping_status":"","sticky":false,"template":"","format":"standard","meta":{"footnotes":""},"categories":[5],"tags":[11,1011,27,14,12,19995,28],"class_list":{"0":"post-569948","1":"post","2":"type-post","3":"status-publish","4":"format-standard","5":"has-post-thumbnail","7":"category-international","8":"tag-actualites","9":"tag-fr","10":"tag-france","11":"tag-international","12":"tag-news","13":"tag-niger","14":"tag-world"},"share_on_mastodon":{"url":"https:\/\/pubeurope.com\/@fr\/115641577952235264","error":""},"_links":{"self":[{"href":"https:\/\/www.europesays.com\/fr\/wp-json\/wp\/v2\/posts\/569948","targetHints":{"allow":["GET"]}}],"collection":[{"href":"https:\/\/www.europesays.com\/fr\/wp-json\/wp\/v2\/posts"}],"about":[{"href":"https:\/\/www.europesays.com\/fr\/wp-json\/wp\/v2\/types\/post"}],"author":[{"embeddable":true,"href":"https:\/\/www.europesays.com\/fr\/wp-json\/wp\/v2\/users\/2"}],"replies":[{"embeddable":true,"href":"https:\/\/www.europesays.com\/fr\/wp-json\/wp\/v2\/comments?post=569948"}],"version-history":[{"count":0,"href":"https:\/\/www.europesays.com\/fr\/wp-json\/wp\/v2\/posts\/569948\/revisions"}],"wp:featuredmedia":[{"embeddable":true,"href":"https:\/\/www.europesays.com\/fr\/wp-json\/wp\/v2\/media\/569949"}],"wp:attachment":[{"href":"https:\/\/www.europesays.com\/fr\/wp-json\/wp\/v2\/media?parent=569948"}],"wp:term":[{"taxonomy":"category","embeddable":true,"href":"https:\/\/www.europesays.com\/fr\/wp-json\/wp\/v2\/categories?post=569948"},{"taxonomy":"post_tag","embeddable":true,"href":"https:\/\/www.europesays.com\/fr\/wp-json\/wp\/v2\/tags?post=569948"}],"curies":[{"name":"wp","href":"https:\/\/api.w.org\/{rel}","templated":true}]}}