{"id":569960,"date":"2025-12-01T00:58:19","date_gmt":"2025-12-01T00:58:19","guid":{"rendered":"https:\/\/www.europesays.com\/fr\/569960\/"},"modified":"2025-12-01T00:58:19","modified_gmt":"2025-12-01T00:58:19","slug":"nancy-l2-a-laisse-sa-part-de-recette-a-sarreguemines-r1","status":"publish","type":"post","link":"https:\/\/www.europesays.com\/fr\/569960\/","title":{"rendered":"Nancy (L2) a laiss\u00e9 sa part de recette \u00e0 Sarreguemines (R1)"},"content":{"rendered":"<p>Le duel palpitant du <a href=\"https:\/\/www.foot-national.com\/coupe-de-france\/coupe-de-france-tous-les-resultats-du-huitieme-tour-931456\" target=\"_blank\" rel=\"noopener\">huiti\u00e8me tour de la Coupe de France<\/a> entre le Sarreguemines FC (R\u00e9gional 1) et l&rsquo;AS Nancy-Lorraine (Ligue 2) restera grav\u00e9 dans les m\u00e9moires, non seulement pour <a href=\"https:\/\/www.foot-national.com\/coupe-de-france\/coupe-de-france-nancy-miracule-contre-sarreguemines-grenoble-renverse-annecy-931637\" target=\"_blank\" rel=\"noopener\">le score spectaculaire<\/a> de 4-3 en faveur des Nanc\u00e9iens, mais aussi pour l&rsquo;esprit de solidarit\u00e9 qui a transcend\u00e9 la comp\u00e9tition. Si l&rsquo;ASNL a valid\u00e9 son billet pour les 32es de finale, qui marque l&rsquo;entr\u00e9e en lice des clubs de Ligue 1 dont le Paris Saint-Germain (tenant du titre), c&rsquo;est l&rsquo;attitude en coulisses qui m\u00e9rite d&rsquo;\u00eatre salu\u00e9e.<\/p>\n<p><strong>La g\u00e9n\u00e9rosit\u00e9 de l&rsquo;AS Nancy Lorraine<\/strong><\/p>\n<p>Dans un communiqu\u00e9 empreint d&rsquo;\u00e9motion et de reconnaissance, le Sarreguemines FC a tenu \u00e0 exprimer sa profonde gratitude envers son homologue de Ligue 2. La direction du club mosellan a r\u00e9v\u00e9l\u00e9 que l&rsquo;AS Nancy-Lorraine a fait preuve d&rsquo;une \u00ab\u00a0g\u00e9n\u00e9rosit\u00e9\u00a0\u00bb rare en d\u00e9cidant de c\u00e9der l&rsquo;int\u00e9gralit\u00e9 de sa part de la recette. Le pensionnaire de la sixi\u00e8me division fran\u00e7aise a tenu \u00e0 souligner l&rsquo;exemplarit\u00e9 de l&rsquo;ASNL. Le club amateur insiste sur le fait que \u00ab\u00a0cette marque de solidarit\u00e9 et ce bel \u00e9tat d\u2019esprit sportif honorent le club nanc\u00e9en.\u00a0\u00bb Ce soutien financier, particuli\u00e8rement bienvenu pour un club \u00e9voluant au niveau r\u00e9gional, t\u00e9moigne des valeurs profondes qui animent l&rsquo;actuel dix-septi\u00e8me de Ligue 2.<\/p>\n<\/p>\n<p>Partagez cette info avec vos amis et vos proches en cliquant ici<br \/>Pour r\u00e9sumer<\/p>\n<p>Dans un communiqu\u00e9 empreint d&rsquo;\u00e9motion et de reconnaissance, le Sarreguemines FC (R1) a tenu \u00e0 exprimer sa profonde gratitude envers l&rsquo;AS Nancy-Lorraine (Ligue 2), qui a laiss\u00e9 sa part de recette \u00e0 l&rsquo;issue du 8e tour de la Coupe de France.<\/p>\n<p> <img decoding=\"async\" width=\"76\" height=\"76\" loading=\"lazy\" src=\"https:\/\/static.wui.fr\/images_v3\/avatar-footnational.png\" alt=\"Aris Djennadi\"\/><\/p>\n","protected":false},"excerpt":{"rendered":"Le duel palpitant du huiti\u00e8me tour de la Coupe de France entre le Sarreguemines FC (R\u00e9gional 1) et&hellip;\n","protected":false},"author":2,"featured_media":569961,"comment_status":"","ping_status":"","sticky":false,"template":"","format":"standard","meta":{"footnotes":""},"categories":[9635],"tags":[1111,11,61432,1777,674,9314,1011,27,775,59995,1702,12,25],"class_list":{"0":"post-569960","1":"post","2":"type-post","3":"status-publish","4":"format-standard","5":"has-post-thumbnail","7":"category-nancy","8":"tag-actu","9":"tag-actualites","10":"tag-coupes-coupe-de-france","11":"tag-eu","12":"tag-europe","13":"tag-foot-amateur","14":"tag-fr","15":"tag-france","16":"tag-grand-est","17":"tag-ligue-2-actus","18":"tag-nancy","19":"tag-news","20":"tag-republique-francaise"},"share_on_mastodon":{"url":"https:\/\/pubeurope.com\/@fr\/115641602531739184","error":""},"_links":{"self":[{"href":"https:\/\/www.europesays.com\/fr\/wp-json\/wp\/v2\/posts\/569960","targetHints":{"allow":["GET"]}}],"collection":[{"href":"https:\/\/www.europesays.com\/fr\/wp-json\/wp\/v2\/posts"}],"about":[{"href":"https:\/\/www.europesays.com\/fr\/wp-json\/wp\/v2\/types\/post"}],"author":[{"embeddable":true,"href":"https:\/\/www.europesays.com\/fr\/wp-json\/wp\/v2\/users\/2"}],"replies":[{"embeddable":true,"href":"https:\/\/www.europesays.com\/fr\/wp-json\/wp\/v2\/comments?post=569960"}],"version-history":[{"count":0,"href":"https:\/\/www.europesays.com\/fr\/wp-json\/wp\/v2\/posts\/569960\/revisions"}],"wp:featuredmedia":[{"embeddable":true,"href":"https:\/\/www.europesays.com\/fr\/wp-json\/wp\/v2\/media\/569961"}],"wp:attachment":[{"href":"https:\/\/www.europesays.com\/fr\/wp-json\/wp\/v2\/media?parent=569960"}],"wp:term":[{"taxonomy":"category","embeddable":true,"href":"https:\/\/www.europesays.com\/fr\/wp-json\/wp\/v2\/categories?post=569960"},{"taxonomy":"post_tag","embeddable":true,"href":"https:\/\/www.europesays.com\/fr\/wp-json\/wp\/v2\/tags?post=569960"}],"curies":[{"name":"wp","href":"https:\/\/api.w.org\/{rel}","templated":true}]}}