{"id":569964,"date":"2025-12-01T01:02:12","date_gmt":"2025-12-01T01:02:12","guid":{"rendered":"https:\/\/www.europesays.com\/fr\/569964\/"},"modified":"2025-12-01T01:02:12","modified_gmt":"2025-12-01T01:02:12","slug":"yellowscan-lance-navigator-un-capteur-lidar-pour-cartographier-les-zones-cotieres-peu-profondes","status":"publish","type":"post","link":"https:\/\/www.europesays.com\/fr\/569964\/","title":{"rendered":"YellowScan lance Navigator, un capteur Lidar pour cartographier les zones c\u00f4ti\u00e8res peu profondes"},"content":{"rendered":"<p>YellowScan va \u00e9tendre son terrain de jeu technologique. La PME h\u00e9raultaise, bas\u00e9e \u00e0 Saint-Cl\u00e9ment-de-Rivi\u00e8re et sp\u00e9cialiste des capteurs Lidar embarqu\u00e9s sur drones, h\u00e9licopt\u00e8res ou ULM, lance Navigator, un syst\u00e8me con\u00e7u pour cartographier les zones c\u00f4ti\u00e8res peu profondes, les rivi\u00e8res et les infrastructures hydrauliques. Une avanc\u00e9e dans un domaine o\u00f9 les donn\u00e9es manquent dans ces zones non accessibles aux bateaux dot\u00e9s de sonars.<\/p>\n<p>\u00ab\u00a0L\u2019\u00e9cosyst\u00e8me c\u00f4tier est un enjeu pour les autorit\u00e9s et les industriels, dans un contexte de mont\u00e9e du niveau de la mer et d\u2019\u00e9v\u00e9nements climatiques plus intenses\u00a0\u00bb, explique Tristan Allouis, directeur g\u00e9n\u00e9ral et cofondateur de YellowScan aux c\u00f4t\u00e9s de Michel Assenbaum. Suivi de l\u2019\u00e9rosion, pr\u00e9vention des risques d\u2019inondation, surveillance des ports et des cours d\u2019eau, inspection des ouvrages&#8230; Les applications cibl\u00e9es par les acteurs scientifiques et institutionnels sont nombreuses. Le march\u00e9 va devenir \u00ab\u00a0un pilier de la surveillance environnementale dans les ann\u00e9es \u00e0 venir\u00a0\u00bb, glisse Tristan Allouis, notamment en Asie-Pacifique, o\u00f9 les c\u00f4tes et les \u00eeles sont tr\u00e8s expos\u00e9es aux effets du r\u00e9chauffement climatique. L\u2019int\u00e9r\u00eat du drone\u00a0? Des co\u00fbts moindre par rapport \u00e0 un avion ou un navire. \u00ab\u00a0Les clients peuvent suivre l\u2019\u00e9volution des brise-lames, des s\u00e9dimentations ou des d\u00e9placements de sable\u00a0\u00bb, illustre Tristan Allouis.<\/p>\n<p>Rep\u00e9rer des mines dans l\u2019eau <\/p>\n<p>La cartographie terrestre demeure sa principale source de revenus. Ses solutions sont \u00e9galement utilis\u00e9es pour planifier la reconstruction de territoires ravag\u00e9s par les guerres, en Ukraine ou \u00e0 Gaza. Et des perspectives existent aussi dans la d\u00e9fense. \u00ab\u00a0Certaines arm\u00e9es utilisent nos capteurs, mais toujours dans une logique d\u2019ing\u00e9nierie ou de s\u00e9curisation, par exemple pour identifier des mines dans l\u2019eau. Nos applications sont d\u00e9di\u00e9es \u00e0 la s\u00e9curit\u00e9, pas \u00e0 la destruction\u00a0\u00bb, insiste Tristan Allouis.<\/p>\n<p>Identifier des temples mayas enfouis dans la for\u00eat amazonienne, \u00e9valuer l\u2019impact du r\u00e9chauffement climatique sur les zones c\u00f4ti\u00e8res, projeter des nouvelles routes dans des pays marqu\u00e9s par les guerres ou des catastrophes naturelles\u2026 Fond\u00e9e en 2015, YellowScan s\u2019est d\u2019abord illustr\u00e9e par ses syst\u00e8mes capables de cartographier en 3D des zones inaccessibles. L\u2019entreprise travaille aujourd\u2019hui avec des g\u00e9om\u00e8tres, ing\u00e9nieurs, arch\u00e9ologues ou collectivit\u00e9s dans plus de quarante pays. La soci\u00e9t\u00e9 compte quatre-vingts salari\u00e9s, dont la moiti\u00e9 en R&amp;D, et d\u00e9passe les 10 millions d\u2019euros de chiffre d\u2019affaires, dont 95\u00a0% sont r\u00e9alis\u00e9s \u00e0 l\u2019export depuis ses implantations \u00e0 Saint-Cl\u00e9ment-de-Rivi\u00e8re (H\u00e9rault), Tokyo et Denver. La PME a \u00e9galement ouvert son capital \u00e0 ses salari\u00e9s, qui en d\u00e9tiennent aujourd\u2019hui 20\u00a0%. <br class=\"autobr\"\/><br \/>\nAm\u00e9lie Cazalet<\/p>\n<p>Sur la photo\u00a0: \u00ab\u00a0L\u2019\u00e9cosyst\u00e8me c\u00f4tier est un enjeu pour les autorit\u00e9s et les industriels, dans un contexte de mont\u00e9e du niveau de la mer et d\u2019\u00e9v\u00e9nements climatiques plus intenses\u00a0\u00bb, explique Tristan Allouis, cofondateur de YellowScan  Cr\u00e9dit\u00a0: DR.<\/p>\n","protected":false},"excerpt":{"rendered":"YellowScan va \u00e9tendre son terrain de jeu technologique. La PME h\u00e9raultaise, bas\u00e9e \u00e0 Saint-Cl\u00e9ment-de-Rivi\u00e8re et sp\u00e9cialiste des capteurs&hellip;\n","protected":false},"author":2,"featured_media":569965,"comment_status":"","ping_status":"","sticky":false,"template":"","format":"standard","meta":{"footnotes":""},"categories":[9599],"tags":[1111,11,3588,436,1777,674,1011,27,5701,2208,12,2680,57194,25,42],"class_list":{"0":"post-569964","1":"post","2":"type-post","3":"status-publish","4":"format-standard","5":"has-post-thumbnail","7":"category-montpellier","8":"tag-actu","9":"tag-actualites","10":"tag-collectivites","11":"tag-environnement","12":"tag-eu","13":"tag-europe","14":"tag-fr","15":"tag-france","16":"tag-innovation","17":"tag-montpellier","18":"tag-news","19":"tag-occitanie","20":"tag-pme-petite-et-moyenne-entreprise","21":"tag-republique-francaise","22":"tag-technologies"},"share_on_mastodon":{"url":"https:\/\/pubeurope.com\/@fr\/115641617229412271","error":""},"_links":{"self":[{"href":"https:\/\/www.europesays.com\/fr\/wp-json\/wp\/v2\/posts\/569964","targetHints":{"allow":["GET"]}}],"collection":[{"href":"https:\/\/www.europesays.com\/fr\/wp-json\/wp\/v2\/posts"}],"about":[{"href":"https:\/\/www.europesays.com\/fr\/wp-json\/wp\/v2\/types\/post"}],"author":[{"embeddable":true,"href":"https:\/\/www.europesays.com\/fr\/wp-json\/wp\/v2\/users\/2"}],"replies":[{"embeddable":true,"href":"https:\/\/www.europesays.com\/fr\/wp-json\/wp\/v2\/comments?post=569964"}],"version-history":[{"count":0,"href":"https:\/\/www.europesays.com\/fr\/wp-json\/wp\/v2\/posts\/569964\/revisions"}],"wp:featuredmedia":[{"embeddable":true,"href":"https:\/\/www.europesays.com\/fr\/wp-json\/wp\/v2\/media\/569965"}],"wp:attachment":[{"href":"https:\/\/www.europesays.com\/fr\/wp-json\/wp\/v2\/media?parent=569964"}],"wp:term":[{"taxonomy":"category","embeddable":true,"href":"https:\/\/www.europesays.com\/fr\/wp-json\/wp\/v2\/categories?post=569964"},{"taxonomy":"post_tag","embeddable":true,"href":"https:\/\/www.europesays.com\/fr\/wp-json\/wp\/v2\/tags?post=569964"}],"curies":[{"name":"wp","href":"https:\/\/api.w.org\/{rel}","templated":true}]}}